{"id":4546,"date":"2019-05-21T12:48:26","date_gmt":"2019-05-21T10:48:26","guid":{"rendered":"http:\/\/agora.xtec.cat\/esc-teresabergada\/?p=4546"},"modified":"2019-09-26T20:07:26","modified_gmt":"2019-09-26T18:07:26","slug":"cloenda-dels-tallers-cientifics-a-cicle-inicial","status":"publish","type":"post","link":"https:\/\/agora.xtec.cat\/esc-teresabergada\/blocs-de-primaria\/3r\/cloenda-dels-tallers-cientifics-a-cicle-inicial\/","title":{"rendered":"Cloenda dels tallers cient\u00edfics a cicle inicial"},"content":{"rendered":"<p>El passat divendres, els alumnes de cicle inicial van finalitzar els darrers tallers cient\u00edfics programats per aquest curs escolar.<\/p>\n<p>Paraules com: hip\u00f2tesi, conclusions, experiment, descoberta&#8230; ja formen part del seu vocabulari m\u00e9s quotidi\u00e0; per tant, es deixa entreveure que el m\u00e8tode cient\u00edfic ha deixat petjada en el seus aprenentatges.<\/p>\n<p><a href=\"https:\/\/photos.app.goo.gl\/mc1pWegjVF5BDrWu5\" target=\"_blank\" rel=\"noopener noreferrer\"><img loading=\"lazy\" decoding=\"async\" class=\"alignleft wp-image-4548\" src=\"https:\/\/agora.xtec.cat\/esc-teresabergada\/wp-content\/uploads\/usu1533\/2019\/05\/1.png\" alt=\"\" width=\"300\" height=\"251\" \/><\/a><\/p>\n<p>&nbsp;<\/p>\n<p>&nbsp;<\/p>\n<p>&nbsp;<\/p>\n<p>&nbsp;<\/p>\n<p>&nbsp;<\/p>\n<p>&nbsp;<\/p>\n<p><a href=\"https:\/\/photos.app.goo.gl\/5DC3DdZufY7jBFXw5\" target=\"_blank\" rel=\"noopener noreferrer\"><img loading=\"lazy\" decoding=\"async\" class=\"alignleft wp-image-4549\" src=\"https:\/\/agora.xtec.cat\/esc-teresabergada\/wp-content\/uploads\/usu1533\/2019\/05\/2.png\" alt=\"\" width=\"300\" height=\"251\" \/><\/a><\/p>\n","protected":false},"excerpt":{"rendered":"<p>El passat divendres, els alumnes de cicle inicial van finalitzar els darrers tallers cient\u00edfics programats per aquest curs escolar.<br \/>\nParaules com: hip\u00f2tesi, conclusions, experiment, descoberta&#8230; ja formen part del seu vocabulari m\u00e9s quotidi\u00e0; per tant, es deixa entreveure que el m\u00e8tode cient\u00edfic ha deixat petjada en&hellip;  <a href=\"https:\/\/agora.xtec.cat\/esc-teresabergada\/blocs-de-primaria\/3r\/cloenda-dels-tallers-cientifics-a-cicle-inicial\/\" title=\"Read Cloenda dels tallers cient\u00edfics a cicle inicial\">Llegeix m\u00e9s\u00bb<\/a><\/p>\n","protected":false},"author":1,"featured_media":0,"comment_status":"open","ping_status":"closed","sticky":false,"template":"","format":"standard","meta":{"_bbp_topic_count":0,"_bbp_reply_count":0,"_bbp_total_topic_count":0,"_bbp_total_reply_count":0,"_bbp_voice_count":0,"_bbp_anonymous_reply_count":0,"_bbp_topic_count_hidden":0,"_bbp_reply_count_hidden":0,"_bbp_forum_subforum_count":0,"footnotes":""},"categories":[238,250],"tags":[172,220,421],"class_list":["post-4546","post","type-post","status-publish","format-standard","hentry","category-3r","category-4t","tag-medi","tag-tallers-cientifics","tag-tallers-internivells"],"post_mailing_queue_ids":[],"_links":{"self":[{"href":"https:\/\/agora.xtec.cat\/esc-teresabergada\/wp-json\/wp\/v2\/posts\/4546","targetHints":{"allow":["GET"]}}],"collection":[{"href":"https:\/\/agora.xtec.cat\/esc-teresabergada\/wp-json\/wp\/v2\/posts"}],"about":[{"href":"https:\/\/agora.xtec.cat\/esc-teresabergada\/wp-json\/wp\/v2\/types\/post"}],"author":[{"embeddable":true,"href":"https:\/\/agora.xtec.cat\/esc-teresabergada\/wp-json\/wp\/v2\/users\/1"}],"replies":[{"embeddable":true,"href":"https:\/\/agora.xtec.cat\/esc-teresabergada\/wp-json\/wp\/v2\/comments?post=4546"}],"version-history":[{"count":3,"href":"https:\/\/agora.xtec.cat\/esc-teresabergada\/wp-json\/wp\/v2\/posts\/4546\/revisions"}],"predecessor-version":[{"id":5310,"href":"https:\/\/agora.xtec.cat\/esc-teresabergada\/wp-json\/wp\/v2\/posts\/4546\/revisions\/5310"}],"wp:attachment":[{"href":"https:\/\/agora.xtec.cat\/esc-teresabergada\/wp-json\/wp\/v2\/media?parent=4546"}],"wp:term":[{"taxonomy":"category","embeddable":true,"href":"https:\/\/agora.xtec.cat\/esc-teresabergada\/wp-json\/wp\/v2\/categories?post=4546"},{"taxonomy":"post_tag","embeddable":true,"href":"https:\/\/agora.xtec.cat\/esc-teresabergada\/wp-json\/wp\/v2\/tags?post=4546"}],"curies":[{"name":"wp","href":"https:\/\/api.w.org\/{rel}","templated":true}]}}