{"id":4494,"date":"2019-05-09T14:47:18","date_gmt":"2019-05-09T12:47:18","guid":{"rendered":"http:\/\/agora.xtec.cat\/esc-teresabergada\/?p=4494"},"modified":"2019-09-27T09:04:55","modified_gmt":"2019-09-27T07:04:55","slug":"clec-clec-clec-clec","status":"publish","type":"post","link":"https:\/\/agora.xtec.cat\/esc-teresabergada\/general\/clec-clec-clec-clec\/","title":{"rendered":"&#8220;Cl\u00e8c &#8211; cl\u00e8c, cl\u00e8c &#8211; cl\u00e8c&#8221;"},"content":{"rendered":"<p style=\"text-align: justify;\">El &#8220;Cl\u00e8c &#8211; cl\u00e8c, cl\u00e8c &#8211; cl\u00e8c, cl\u00e8c &#8211; cl\u00e8c&#8230;&#8221;d&#8217;una m\u00e0quina d&#8217;escriure\u00a0ha omplert l&#8217;aula durant aquests dos dies.<\/p>\n<p style=\"text-align: justify;\">Ha estat gr\u00e0cies al conte <strong>La m\u00e0quina d&#8217;escriure<\/strong>, que\u00a0 va explicar l&#8217;Aran en l&#8217;espai de la Roda de contes, que totes i tots ens vam il\u00b7lusionar en descobrir com funcionava aquesta m\u00e0quina, per una gran majoria\u00a0 ben desconeguda.<\/p>\n<p style=\"text-align: justify;\">Entusiasmats vam visitar als nostres padrins lectors per tal que ens expliquessin de primera m\u00e0 el seu \u00fas i, a m\u00e9s a m\u00e9s, demanar-los en pr\u00e9stec una de les\u00a0 m\u00e0quines que disposen a la classe.<\/p>\n<p>Gr\u00e0cies companyes i companys de 6\u00e8! Ha estat una experi\u00e8ncia d&#8217;escriptura d&#8217;all\u00f2 m\u00e9s motivadora i creativa!<\/p>\n<p><a href=\"https:\/\/photos.app.goo.gl\/Zf4S4UK2yQjRz5XP7\" target=\"_blank\" rel=\"noopener noreferrer\"><img loading=\"lazy\" decoding=\"async\" class=\"alignleft wp-image-4501 size-medium\" src=\"https:\/\/agora.xtec.cat\/esc-teresabergada\/wp-content\/uploads\/usu1533\/2019\/05\/thefabula_literatura_infantil_juvenil_coco-books_maquina_escriure_00-234x300.jpg\" alt=\"\" width=\"234\" height=\"300\" srcset=\"https:\/\/agora.xtec.cat\/esc-teresabergada\/wp-content\/uploads\/usu1533\/2019\/05\/thefabula_literatura_infantil_juvenil_coco-books_maquina_escriure_00-234x300.jpg 234w, https:\/\/agora.xtec.cat\/esc-teresabergada\/wp-content\/uploads\/usu1533\/2019\/05\/thefabula_literatura_infantil_juvenil_coco-books_maquina_escriure_00.jpg 472w\" sizes=\"auto, (max-width: 234px) 100vw, 234px\" \/><\/a><\/p>\n","protected":false},"excerpt":{"rendered":"<p>El &#8220;Cl\u00e8c &#8211; cl\u00e8c, cl\u00e8c &#8211; cl\u00e8c, cl\u00e8c &#8211; cl\u00e8c&#8230;&#8221;d&#8217;una m\u00e0quina d&#8217;escriure\u00a0ha omplert l&#8217;aula durant aquests dos dies.<br \/>\nHa estat gr\u00e0cies al conte La m\u00e0quina d&#8217;escriure, que\u00a0 va explicar l&#8217;Aran en l&#8217;espai de la Roda de contes, que totes i tots ens vam il\u00b7lusionar en descobrir&hellip;  <a href=\"https:\/\/agora.xtec.cat\/esc-teresabergada\/general\/clec-clec-clec-clec\/\" title=\"Read &#8220;Cl\u00e8c &#8211; cl\u00e8c, cl\u00e8c &#8211; cl\u00e8c&#8221;\">Llegeix m\u00e9s\u00bb<\/a><\/p>\n","protected":false},"author":1,"featured_media":4501,"comment_status":"open","ping_status":"closed","sticky":false,"template":"","format":"standard","meta":{"_bbp_topic_count":0,"_bbp_reply_count":0,"_bbp_total_topic_count":0,"_bbp_total_reply_count":0,"_bbp_voice_count":0,"_bbp_anonymous_reply_count":0,"_bbp_topic_count_hidden":0,"_bbp_reply_count_hidden":0,"_bbp_forum_subforum_count":0,"footnotes":""},"categories":[250,1],"tags":[277],"class_list":["post-4494","post","type-post","status-publish","format-standard","has-post-thumbnail","hentry","category-4t","category-general","tag-escriptura"],"post_mailing_queue_ids":[],"_links":{"self":[{"href":"https:\/\/agora.xtec.cat\/esc-teresabergada\/wp-json\/wp\/v2\/posts\/4494","targetHints":{"allow":["GET"]}}],"collection":[{"href":"https:\/\/agora.xtec.cat\/esc-teresabergada\/wp-json\/wp\/v2\/posts"}],"about":[{"href":"https:\/\/agora.xtec.cat\/esc-teresabergada\/wp-json\/wp\/v2\/types\/post"}],"author":[{"embeddable":true,"href":"https:\/\/agora.xtec.cat\/esc-teresabergada\/wp-json\/wp\/v2\/users\/1"}],"replies":[{"embeddable":true,"href":"https:\/\/agora.xtec.cat\/esc-teresabergada\/wp-json\/wp\/v2\/comments?post=4494"}],"version-history":[{"count":3,"href":"https:\/\/agora.xtec.cat\/esc-teresabergada\/wp-json\/wp\/v2\/posts\/4494\/revisions"}],"predecessor-version":[{"id":4882,"href":"https:\/\/agora.xtec.cat\/esc-teresabergada\/wp-json\/wp\/v2\/posts\/4494\/revisions\/4882"}],"wp:featuredmedia":[{"embeddable":true,"href":"https:\/\/agora.xtec.cat\/esc-teresabergada\/wp-json\/wp\/v2\/media\/4501"}],"wp:attachment":[{"href":"https:\/\/agora.xtec.cat\/esc-teresabergada\/wp-json\/wp\/v2\/media?parent=4494"}],"wp:term":[{"taxonomy":"category","embeddable":true,"href":"https:\/\/agora.xtec.cat\/esc-teresabergada\/wp-json\/wp\/v2\/categories?post=4494"},{"taxonomy":"post_tag","embeddable":true,"href":"https:\/\/agora.xtec.cat\/esc-teresabergada\/wp-json\/wp\/v2\/tags?post=4494"}],"curies":[{"name":"wp","href":"https:\/\/api.w.org\/{rel}","templated":true}]}}