{"id":4477,"date":"2019-05-07T16:52:05","date_gmt":"2019-05-07T14:52:05","guid":{"rendered":"http:\/\/agora.xtec.cat\/esc-teresabergada\/?p=4477"},"modified":"2019-09-27T09:05:45","modified_gmt":"2019-09-27T07:05:45","slug":"el-regne-de-les-plantes","status":"publish","type":"post","link":"https:\/\/agora.xtec.cat\/esc-teresabergada\/general\/el-regne-de-les-plantes\/","title":{"rendered":"EL REGNE DE LES PLANTES"},"content":{"rendered":"<p style=\"text-align: justify\">Les plantes s\u00f3n vitals pel funcionament dels ecosistemes, ens donen oxigen per respirar i ens proporcionen aliments, entre d&#8217;altres coses.<\/p>\n<p style=\"text-align: justify\">A classe hem observat mitjan\u00e7ant l&#8217;experimentaci\u00f3 que les plantes per fer la fotos\u00edntesi i captar l&#8217;energia del sol utilitzen un pigment anomenat clorofil.la, que nosaltres veiem de color verd, \u00e9s per aix\u00f2 que les plantes s\u00f3n verdes.<\/p>\n<p><a href=\"https:\/\/photos.app.goo.gl\/MT2jZ4yQNG4P1ixeA\"><img loading=\"lazy\" decoding=\"async\" class=\"size-full wp-image-4542 aligncenter\" src=\"https:\/\/agora.xtec.cat\/esc-teresabergada\/wp-content\/uploads\/usu1533\/2019\/05\/IMG_3415.jpg\" alt=\"\" width=\"905\" height=\"679\" srcset=\"https:\/\/agora.xtec.cat\/esc-teresabergada\/wp-content\/uploads\/usu1533\/2019\/05\/IMG_3415.jpg 905w, https:\/\/agora.xtec.cat\/esc-teresabergada\/wp-content\/uploads\/usu1533\/2019\/05\/IMG_3415-300x225.jpg 300w, https:\/\/agora.xtec.cat\/esc-teresabergada\/wp-content\/uploads\/usu1533\/2019\/05\/IMG_3415-768x576.jpg 768w, https:\/\/agora.xtec.cat\/esc-teresabergada\/wp-content\/uploads\/usu1533\/2019\/05\/IMG_3415-200x150.jpg 200w\" sizes=\"auto, (max-width: 905px) 100vw, 905px\" \/><\/a><\/p>\n<p>&nbsp;<\/p>\n<p>&nbsp;<\/p>\n","protected":false},"excerpt":{"rendered":"<p>Les plantes s\u00f3n vitals pel funcionament dels ecosistemes, ens donen oxigen per respirar i ens proporcionen aliments, entre d&#8217;altres coses.<br \/>\nA classe hem observat mitjan\u00e7ant l&#8217;experimentaci\u00f3 que les plantes per fer la fotos\u00edntesi i captar l&#8217;energia del sol utilitzen un pigment anomenat clorofil.la, que nosaltres veiem&hellip;  <a href=\"https:\/\/agora.xtec.cat\/esc-teresabergada\/general\/el-regne-de-les-plantes\/\" title=\"Read EL REGNE DE LES PLANTES\">Llegeix m\u00e9s\u00bb<\/a><\/p>\n","protected":false},"author":32,"featured_media":4542,"comment_status":"open","ping_status":"closed","sticky":false,"template":"","format":"standard","meta":{"_bbp_topic_count":0,"_bbp_reply_count":0,"_bbp_total_topic_count":0,"_bbp_total_reply_count":0,"_bbp_voice_count":0,"_bbp_anonymous_reply_count":0,"_bbp_topic_count_hidden":0,"_bbp_reply_count_hidden":0,"_bbp_forum_subforum_count":0,"footnotes":""},"categories":[1],"tags":[],"class_list":["post-4477","post","type-post","status-publish","format-standard","has-post-thumbnail","hentry","category-general"],"post_mailing_queue_ids":[],"_links":{"self":[{"href":"https:\/\/agora.xtec.cat\/esc-teresabergada\/wp-json\/wp\/v2\/posts\/4477","targetHints":{"allow":["GET"]}}],"collection":[{"href":"https:\/\/agora.xtec.cat\/esc-teresabergada\/wp-json\/wp\/v2\/posts"}],"about":[{"href":"https:\/\/agora.xtec.cat\/esc-teresabergada\/wp-json\/wp\/v2\/types\/post"}],"author":[{"embeddable":true,"href":"https:\/\/agora.xtec.cat\/esc-teresabergada\/wp-json\/wp\/v2\/users\/32"}],"replies":[{"embeddable":true,"href":"https:\/\/agora.xtec.cat\/esc-teresabergada\/wp-json\/wp\/v2\/comments?post=4477"}],"version-history":[{"count":4,"href":"https:\/\/agora.xtec.cat\/esc-teresabergada\/wp-json\/wp\/v2\/posts\/4477\/revisions"}],"predecessor-version":[{"id":4545,"href":"https:\/\/agora.xtec.cat\/esc-teresabergada\/wp-json\/wp\/v2\/posts\/4477\/revisions\/4545"}],"wp:featuredmedia":[{"embeddable":true,"href":"https:\/\/agora.xtec.cat\/esc-teresabergada\/wp-json\/wp\/v2\/media\/4542"}],"wp:attachment":[{"href":"https:\/\/agora.xtec.cat\/esc-teresabergada\/wp-json\/wp\/v2\/media?parent=4477"}],"wp:term":[{"taxonomy":"category","embeddable":true,"href":"https:\/\/agora.xtec.cat\/esc-teresabergada\/wp-json\/wp\/v2\/categories?post=4477"},{"taxonomy":"post_tag","embeddable":true,"href":"https:\/\/agora.xtec.cat\/esc-teresabergada\/wp-json\/wp\/v2\/tags?post=4477"}],"curies":[{"name":"wp","href":"https:\/\/api.w.org\/{rel}","templated":true}]}}