{"id":4468,"date":"2019-05-01T12:16:20","date_gmt":"2019-05-01T10:16:20","guid":{"rendered":"http:\/\/agora.xtec.cat\/esc-teresabergada\/?p=4468"},"modified":"2020-09-08T05:18:13","modified_gmt":"2020-09-08T03:18:13","slug":"vivencies-de-colonies","status":"publish","type":"post","link":"https:\/\/agora.xtec.cat\/esc-teresabergada\/blocs-de-primaria\/2n\/vivencies-de-colonies\/","title":{"rendered":"VIV\u00c8NCIES DE COL\u00d2NIES."},"content":{"rendered":"<p style=\"background: white;margin: 0cm 0cm 0pt;text-align: left;line-height: 115%\"><span style=\"color: black;line-height: 115%;font-size: 12pt\"><span style=\"font-family: Calibri\">Despr\u00e8s d\u2019una bona dutxa, i d\u2019hores de descans\u2026. Sembla que poc a poc, es vagin aclarint els record i els sentiments que ens han acompanyat durant aquests dos dies de conviv\u00e8ncia.<\/span><\/span><\/p>\n<p style=\"background: white;margin: 0cm 0cm 0pt;text-align: left;line-height: 115%\"><span style=\"color: black;line-height: 115%;font-size: 12pt\"><span style=\"font-family: Calibri\">Les col\u00f2nies d\u2019infantil 2018-2019, ens han\u00a0ofert la possibilitat\u00a0de compartir entre tots ( alumnes, mestres i monitors) tot un\u00a0 ventall d\u2019oportunitats d\u2019aprenentatge, de creixements\u00a0 i desenvolupament personal i social.<\/span><\/span><\/p>\n<p style=\"background: white;margin: 0cm 0cm 0pt;text-align: left;line-height: 115%\"><span style=\"color: black;font-size: 12pt\"><span style=\"font-family: Calibri\">Hem gaudit d\u2019un entorn privilegiat, que ens ha ofert una gamma \u00e0mplia d\u2019activitats per als nostres infants. La conviv\u00e8ncia i el joc ha perm\u00e8s als menuts de l\u2019escola aprendre de manera directa i a trav\u00e9s de l\u2019experi\u00e8ncia\u00a0 aquells continguts\u00a0 que ja hav\u00edem treballat a l\u2019aula.<\/span><\/span><\/p>\n<p>&nbsp;<\/p>\n<p style=\"background: white;margin: 0cm 0cm 0pt;text-align: left;line-height: normal\"><span style=\"color: black;font-size: 12pt\"><span style=\"font-family: Calibri\">Volem agrair als monitors de la casa de col\u00f2nies el treball que han fet amb els nostres alumnes, i molt especialment a vosaltres, pares, per la confian\u00e7a, el respecte i els agra\u00efments que ens heu mostrat al llarg d\u2019aquest dos dies. <\/span><\/span><\/p>\n<p style=\"background: white;margin: 0cm 0cm 0pt;text-align: left;line-height: normal\"><span style=\"color: black;font-size: 12pt\"><span style=\"font-family: Calibri\">En aquest l\u2019enlla\u00e7 per poder veure\u00a0 alguns dels moments viscuts durant les col\u00f2nies.<\/span><\/span><\/p>\n<p style=\"background: white;margin: 0cm 0cm 0pt;text-align: left;line-height: normal\"><a href=\"https:\/\/photos.google.com\/u\/2\/share\/AF1QipNUSNRZBlAhfseQpjGfNAZEzNFBSZtBUCzCFUngljo4pvO-BE4QVmpLtDg3bPazBQ?key=VWRRSHJNNTRZYW43ZnhmV0VDR2Uxb0dpRVR2Z0N3\"><span style=\"color: black;font-size: 12pt\"><span style=\"font-family: Calibri\">\u00a0M<\/span><\/span><span style=\"color: black;font-size: 12pt\"><span style=\"font-family: Calibri\">oments viscuts.<\/span><\/span><\/a><\/p>\n<p>&nbsp;<\/p>\n","protected":false},"excerpt":{"rendered":"<p>Despr\u00e8s d\u2019una bona dutxa, i d\u2019hores de descans\u2026. Sembla que poc a poc, es vagin aclarint els record i els sentiments que ens han acompanyat durant aquests dos dies de conviv\u00e8ncia.<br \/>\nLes col\u00f2nies d\u2019infantil 2018-2019, ens han\u00a0ofert la possibilitat\u00a0de compartir entre tots ( alumnes, mestres i&hellip;  <a href=\"https:\/\/agora.xtec.cat\/esc-teresabergada\/blocs-de-primaria\/2n\/vivencies-de-colonies\/\" title=\"Read VIV\u00c8NCIES DE COL\u00d2NIES.\">Llegeix m\u00e9s\u00bb<\/a><\/p>\n","protected":false},"author":1,"featured_media":0,"comment_status":"open","ping_status":"closed","sticky":false,"template":"","format":"standard","meta":{"_bbp_topic_count":0,"_bbp_reply_count":0,"_bbp_total_topic_count":0,"_bbp_total_reply_count":0,"_bbp_voice_count":0,"_bbp_anonymous_reply_count":0,"_bbp_topic_count_hidden":0,"_bbp_reply_count_hidden":0,"_bbp_forum_subforum_count":0,"footnotes":""},"categories":[348,153,251],"tags":[411,121],"class_list":["post-4468","post","type-post","status-publish","format-standard","hentry","category-1r","category-2n","category-i5","tag-colonies","tag-educacio-infantil"],"post_mailing_queue_ids":[],"_links":{"self":[{"href":"https:\/\/agora.xtec.cat\/esc-teresabergada\/wp-json\/wp\/v2\/posts\/4468","targetHints":{"allow":["GET"]}}],"collection":[{"href":"https:\/\/agora.xtec.cat\/esc-teresabergada\/wp-json\/wp\/v2\/posts"}],"about":[{"href":"https:\/\/agora.xtec.cat\/esc-teresabergada\/wp-json\/wp\/v2\/types\/post"}],"author":[{"embeddable":true,"href":"https:\/\/agora.xtec.cat\/esc-teresabergada\/wp-json\/wp\/v2\/users\/1"}],"replies":[{"embeddable":true,"href":"https:\/\/agora.xtec.cat\/esc-teresabergada\/wp-json\/wp\/v2\/comments?post=4468"}],"version-history":[{"count":3,"href":"https:\/\/agora.xtec.cat\/esc-teresabergada\/wp-json\/wp\/v2\/posts\/4468\/revisions"}],"predecessor-version":[{"id":4475,"href":"https:\/\/agora.xtec.cat\/esc-teresabergada\/wp-json\/wp\/v2\/posts\/4468\/revisions\/4475"}],"wp:attachment":[{"href":"https:\/\/agora.xtec.cat\/esc-teresabergada\/wp-json\/wp\/v2\/media?parent=4468"}],"wp:term":[{"taxonomy":"category","embeddable":true,"href":"https:\/\/agora.xtec.cat\/esc-teresabergada\/wp-json\/wp\/v2\/categories?post=4468"},{"taxonomy":"post_tag","embeddable":true,"href":"https:\/\/agora.xtec.cat\/esc-teresabergada\/wp-json\/wp\/v2\/tags?post=4468"}],"curies":[{"name":"wp","href":"https:\/\/api.w.org\/{rel}","templated":true}]}}