{"id":4439,"date":"2019-04-12T14:53:59","date_gmt":"2019-04-12T12:53:59","guid":{"rendered":"http:\/\/agora.xtec.cat\/esc-teresabergada\/?p=4439"},"modified":"2019-09-27T09:07:12","modified_gmt":"2019-09-27T07:07:12","slug":"entrevistes-per-saber-ne-mes","status":"publish","type":"post","link":"https:\/\/agora.xtec.cat\/esc-teresabergada\/blocs-de-primaria\/4t\/entrevistes-per-saber-ne-mes\/","title":{"rendered":"Entrevistes per saber-ne m\u00e9s"},"content":{"rendered":"<p style=\"text-align: justify;\">Les i els alumnes de 2n, en l&#8217;espai de tipologies textuals de llengua catalana, hem estat treballant a fons les entrevistes i les seves caracter\u00edstiques. Com a activitat final hem escrit unes entrevistes ben especials; sabeu per qu\u00e8?<\/p>\n<p style=\"text-align: justify;\">Doncs lligant-ho amb el projecte de medi, Els Animals, hem convidat a familiars d&#8217;alguns alumnes que en s\u00f3n experts!!<\/p>\n<p>Moltes gr\u00e0cies Josep Maria, Josep Ramon, Adri\u00e0 i Carles!! De ben segur que, gr\u00e0cies al compartir les vostres experi\u00e8ncies com a professionals en el m\u00f3n dels animals, els nostres aprenentatges seran molt m\u00e9s rics!<\/p>\n<p><a href=\"https:\/\/photos.app.goo.gl\/cN7YuSJDKHT4phzU6\" target=\"_blank\" rel=\"noopener noreferrer\">Josep Maria Albana<\/a><\/p>\n<p><a href=\"https:\/\/photos.app.goo.gl\/5AocJpzqcAxVpzew5\" target=\"_blank\" rel=\"noopener noreferrer\">Adri\u00e0 Garcia<\/a><\/p>\n<p><a href=\"https:\/\/photos.app.goo.gl\/SkqS5ZssgGyGr4GN7\" target=\"_blank\" rel=\"noopener noreferrer\">Josep Ramon Magr\u00ed<\/a><\/p>\n<p><a href=\"https:\/\/photos.app.goo.gl\/143CC2vWZB31u9n38\" target=\"_blank\" rel=\"noopener noreferrer\">Carles Rosell<\/a><\/p>\n<p>&nbsp;<\/p>\n","protected":false},"excerpt":{"rendered":"<p>Les i els alumnes de 2n, en l&#8217;espai de tipologies textuals de llengua catalana, hem estat treballant a fons les entrevistes i les seves caracter\u00edstiques. Com a activitat final hem escrit unes entrevistes ben especials; sabeu per qu\u00e8?<br \/>\nDoncs lligant-ho amb el projecte de medi, Els&hellip;  <a href=\"https:\/\/agora.xtec.cat\/esc-teresabergada\/blocs-de-primaria\/4t\/entrevistes-per-saber-ne-mes\/\" title=\"Read Entrevistes per saber-ne m\u00e9s\">Llegeix m\u00e9s\u00bb<\/a><\/p>\n","protected":false},"author":1,"featured_media":4441,"comment_status":"open","ping_status":"closed","sticky":false,"template":"","format":"standard","meta":{"_bbp_topic_count":0,"_bbp_reply_count":0,"_bbp_total_topic_count":0,"_bbp_total_reply_count":0,"_bbp_voice_count":0,"_bbp_anonymous_reply_count":0,"_bbp_topic_count_hidden":0,"_bbp_reply_count_hidden":0,"_bbp_forum_subforum_count":0,"footnotes":""},"categories":[250],"tags":[417,172,70,254],"class_list":["post-4439","post","type-post","status-publish","format-standard","has-post-thumbnail","hentry","category-4t","tag-els-animals","tag-medi","tag-projecte","tag-tipologies-textuals"],"post_mailing_queue_ids":[],"_links":{"self":[{"href":"https:\/\/agora.xtec.cat\/esc-teresabergada\/wp-json\/wp\/v2\/posts\/4439","targetHints":{"allow":["GET"]}}],"collection":[{"href":"https:\/\/agora.xtec.cat\/esc-teresabergada\/wp-json\/wp\/v2\/posts"}],"about":[{"href":"https:\/\/agora.xtec.cat\/esc-teresabergada\/wp-json\/wp\/v2\/types\/post"}],"author":[{"embeddable":true,"href":"https:\/\/agora.xtec.cat\/esc-teresabergada\/wp-json\/wp\/v2\/users\/1"}],"replies":[{"embeddable":true,"href":"https:\/\/agora.xtec.cat\/esc-teresabergada\/wp-json\/wp\/v2\/comments?post=4439"}],"version-history":[{"count":3,"href":"https:\/\/agora.xtec.cat\/esc-teresabergada\/wp-json\/wp\/v2\/posts\/4439\/revisions"}],"predecessor-version":[{"id":4883,"href":"https:\/\/agora.xtec.cat\/esc-teresabergada\/wp-json\/wp\/v2\/posts\/4439\/revisions\/4883"}],"wp:featuredmedia":[{"embeddable":true,"href":"https:\/\/agora.xtec.cat\/esc-teresabergada\/wp-json\/wp\/v2\/media\/4441"}],"wp:attachment":[{"href":"https:\/\/agora.xtec.cat\/esc-teresabergada\/wp-json\/wp\/v2\/media?parent=4439"}],"wp:term":[{"taxonomy":"category","embeddable":true,"href":"https:\/\/agora.xtec.cat\/esc-teresabergada\/wp-json\/wp\/v2\/categories?post=4439"},{"taxonomy":"post_tag","embeddable":true,"href":"https:\/\/agora.xtec.cat\/esc-teresabergada\/wp-json\/wp\/v2\/tags?post=4439"}],"curies":[{"name":"wp","href":"https:\/\/api.w.org\/{rel}","templated":true}]}}