{"id":4422,"date":"2019-04-03T21:55:44","date_gmt":"2019-04-03T19:55:44","guid":{"rendered":"http:\/\/agora.xtec.cat\/esc-teresabergada\/?p=4422"},"modified":"2020-09-07T17:45:51","modified_gmt":"2020-09-07T15:45:51","slug":"can-bajona-molt-mes-que-anar-de-colonies","status":"publish","type":"post","link":"https:\/\/agora.xtec.cat\/esc-teresabergada\/general\/can-bajona-molt-mes-que-anar-de-colonies\/","title":{"rendered":"Can Bajona, molt m\u00e9s que anar de col\u00f2nies"},"content":{"rendered":"<p style=\"text-align: justify;\">Ara que ja han passat dos dies des que hem tornat de la nostra estada a Can Bajona, podem resumir-la dient: gr\u00e0cies fam\u00edlies per haver brindat l&#8217;oportunitat als vostres fills i filles d&#8217;un aut\u00e8ntic aprenentatge actiu i vivencial.<\/p>\n<p style=\"text-align: justify;\">El projecte d&#8217;aula, ELS ANIMALS, que estem realitzant en aquests moments en les franges hor\u00e0ries de medi, tindr\u00e0 un color especial gr\u00e0cies a tot all\u00f2 que han apr\u00e8s envers el tema durant l&#8217;experi\u00e8ncia viscuda a la granja de Can Bajona. Aprendre en contextos reals i significatius i, a m\u00e9s a m\u00e9s, amb l&#8217;escalfor dels companys i companyes del grup desencadenen aprenentatges que perduren en el temps i afavoreixen els vincles afectius amb els iguals i amb els adults.<\/p>\n<p><a href=\"https:\/\/photos.app.goo.gl\/q7Szf1HwVGGAKWLt9\" target=\"_blank\" rel=\"noopener noreferrer\"><img loading=\"lazy\" decoding=\"async\" class=\"aligncenter wp-image-4424 size-full\" src=\"https:\/\/agora.xtec.cat\/esc-teresabergada\/wp-content\/uploads\/usu1533\/2019\/04\/unnamed.jpg\" alt=\"\" width=\"217\" height=\"122\" \/><\/a><\/p>\n<p style=\"text-align: center;\">(feu clic al logotip de la casa de col\u00f2nies)<\/p>\n","protected":false},"excerpt":{"rendered":"<p>Ara que ja han passat dos dies des que hem tornat de la nostra estada a Can Bajona, podem resumir-la dient: gr\u00e0cies fam\u00edlies per haver brindat l&#8217;oportunitat als vostres fills i filles d&#8217;un aut\u00e8ntic aprenentatge actiu i vivencial.<br \/>\nEl projecte d&#8217;aula, ELS ANIMALS, que estem realitzant&hellip;  <a href=\"https:\/\/agora.xtec.cat\/esc-teresabergada\/general\/can-bajona-molt-mes-que-anar-de-colonies\/\" title=\"Read Can Bajona, molt m\u00e9s que anar de col\u00f2nies\">Llegeix m\u00e9s\u00bb<\/a><\/p>\n","protected":false},"author":1,"featured_media":4424,"comment_status":"open","ping_status":"closed","sticky":false,"template":"","format":"standard","meta":{"_bbp_topic_count":0,"_bbp_reply_count":0,"_bbp_total_topic_count":0,"_bbp_total_reply_count":0,"_bbp_voice_count":0,"_bbp_anonymous_reply_count":0,"_bbp_topic_count_hidden":0,"_bbp_reply_count_hidden":0,"_bbp_forum_subforum_count":0,"footnotes":""},"categories":[153,238,250,1],"tags":[411,417,172,70],"class_list":["post-4422","post","type-post","status-publish","format-standard","has-post-thumbnail","hentry","category-2n","category-3r","category-4t","category-general","tag-colonies","tag-els-animals","tag-medi","tag-projecte"],"post_mailing_queue_ids":[],"_links":{"self":[{"href":"https:\/\/agora.xtec.cat\/esc-teresabergada\/wp-json\/wp\/v2\/posts\/4422","targetHints":{"allow":["GET"]}}],"collection":[{"href":"https:\/\/agora.xtec.cat\/esc-teresabergada\/wp-json\/wp\/v2\/posts"}],"about":[{"href":"https:\/\/agora.xtec.cat\/esc-teresabergada\/wp-json\/wp\/v2\/types\/post"}],"author":[{"embeddable":true,"href":"https:\/\/agora.xtec.cat\/esc-teresabergada\/wp-json\/wp\/v2\/users\/1"}],"replies":[{"embeddable":true,"href":"https:\/\/agora.xtec.cat\/esc-teresabergada\/wp-json\/wp\/v2\/comments?post=4422"}],"version-history":[{"count":4,"href":"https:\/\/agora.xtec.cat\/esc-teresabergada\/wp-json\/wp\/v2\/posts\/4422\/revisions"}],"predecessor-version":[{"id":5311,"href":"https:\/\/agora.xtec.cat\/esc-teresabergada\/wp-json\/wp\/v2\/posts\/4422\/revisions\/5311"}],"wp:featuredmedia":[{"embeddable":true,"href":"https:\/\/agora.xtec.cat\/esc-teresabergada\/wp-json\/wp\/v2\/media\/4424"}],"wp:attachment":[{"href":"https:\/\/agora.xtec.cat\/esc-teresabergada\/wp-json\/wp\/v2\/media?parent=4422"}],"wp:term":[{"taxonomy":"category","embeddable":true,"href":"https:\/\/agora.xtec.cat\/esc-teresabergada\/wp-json\/wp\/v2\/categories?post=4422"},{"taxonomy":"post_tag","embeddable":true,"href":"https:\/\/agora.xtec.cat\/esc-teresabergada\/wp-json\/wp\/v2\/tags?post=4422"}],"curies":[{"name":"wp","href":"https:\/\/api.w.org\/{rel}","templated":true}]}}