{"id":4381,"date":"2019-03-22T05:36:07","date_gmt":"2019-03-22T04:36:07","guid":{"rendered":"http:\/\/agora.xtec.cat\/esc-teresabergada\/?p=4381"},"modified":"2019-11-13T13:39:31","modified_gmt":"2019-11-13T12:39:31","slug":"dia-mundial-de-la-poesia","status":"publish","type":"post","link":"https:\/\/agora.xtec.cat\/esc-teresabergada\/blocs-de-primaria\/3r\/dia-mundial-de-la-poesia\/","title":{"rendered":"DIA MUNDIAL DE LA POESIA"},"content":{"rendered":"<p><img loading=\"lazy\" decoding=\"async\" class=\"wp-image-4385 aligncenter\" src=\"https:\/\/agora.xtec.cat\/esc-teresabergada\/wp-content\/uploads\/usu1533\/2019\/03\/P1020396.jpg\" alt=\"\" width=\"269\" height=\"202\" \/><\/p>\n<p>La UNESCO va declarar el 21 de mar\u00e7 <strong>Dia Mundial de la Poesia.<\/strong> Per aix\u00f2, l&#8217;alumnat de 1r ens hem sumat a la celebraci\u00f3 llegint poesies de diferents autors.<\/p>\n<div id=\"page\" class=\"hfeed site\">\n<div id=\"main\" class=\"wrapper\">\n<div id=\"primary\" class=\"site-content\">\n<div id=\"content\" role=\"main\">\n<div class=\"row\">Hem aprofitat l&#8217;espai tan bonic i m\u00e0gic que tenim a l&#8217;escola: el bosquet! En ell, hem gaudit del plaer dels sentits, tot escoltant les poesies que ens han llegit\u00a0 els companys\/es i les senyoretes.<\/div>\n<\/div>\n<\/div>\n<\/div>\n<\/div>\n<div><\/div>\n<div>Endinsar-nos en l&#8217;estil literari de la poesia, ens ha fet gaudir llegint com a bons lectors que som. Incentivar un altre g\u00e8nere per llegir en companyia dels nostres companys\/es ens ha captivat.<\/div>\n<div><\/div>\n<div>Aquesta activitat tamb\u00e9 ens ha perm\u00e8s crear un moment \u00fanic per compartir el plaer d&#8217;escoltar i imaginar.<\/div>\n<div><\/div>\n<div>De ben segur que repetirem encantats\/es en una altra ocasi\u00f3!<\/div>\n","protected":false},"excerpt":{"rendered":"<p>La UNESCO va declarar el 21 de mar\u00e7 Dia Mundial de la Poesia. Per aix\u00f2, l&#8217;alumnat de 1r ens hem sumat a la celebraci\u00f3 llegint poesies de diferents autors.<\/p>\n<p>Hem aprofitat l&#8217;espai tan bonic i m\u00e0gic que tenim a l&#8217;escola: el bosquet! En ell, hem gaudit&hellip;  <a href=\"https:\/\/agora.xtec.cat\/esc-teresabergada\/blocs-de-primaria\/3r\/dia-mundial-de-la-poesia\/\" title=\"Read DIA MUNDIAL DE LA POESIA\">Llegeix m\u00e9s\u00bb<\/a><\/p>\n","protected":false},"author":16,"featured_media":0,"comment_status":"open","ping_status":"closed","sticky":false,"template":"","format":"standard","meta":{"_bbp_topic_count":0,"_bbp_reply_count":0,"_bbp_total_topic_count":0,"_bbp_total_reply_count":0,"_bbp_voice_count":0,"_bbp_anonymous_reply_count":0,"_bbp_topic_count_hidden":0,"_bbp_reply_count_hidden":0,"_bbp_forum_subforum_count":0,"footnotes":""},"categories":[238],"tags":[],"class_list":["post-4381","post","type-post","status-publish","format-standard","hentry","category-3r"],"post_mailing_queue_ids":[],"_links":{"self":[{"href":"https:\/\/agora.xtec.cat\/esc-teresabergada\/wp-json\/wp\/v2\/posts\/4381","targetHints":{"allow":["GET"]}}],"collection":[{"href":"https:\/\/agora.xtec.cat\/esc-teresabergada\/wp-json\/wp\/v2\/posts"}],"about":[{"href":"https:\/\/agora.xtec.cat\/esc-teresabergada\/wp-json\/wp\/v2\/types\/post"}],"author":[{"embeddable":true,"href":"https:\/\/agora.xtec.cat\/esc-teresabergada\/wp-json\/wp\/v2\/users\/16"}],"replies":[{"embeddable":true,"href":"https:\/\/agora.xtec.cat\/esc-teresabergada\/wp-json\/wp\/v2\/comments?post=4381"}],"version-history":[{"count":3,"href":"https:\/\/agora.xtec.cat\/esc-teresabergada\/wp-json\/wp\/v2\/posts\/4381\/revisions"}],"predecessor-version":[{"id":5315,"href":"https:\/\/agora.xtec.cat\/esc-teresabergada\/wp-json\/wp\/v2\/posts\/4381\/revisions\/5315"}],"wp:attachment":[{"href":"https:\/\/agora.xtec.cat\/esc-teresabergada\/wp-json\/wp\/v2\/media?parent=4381"}],"wp:term":[{"taxonomy":"category","embeddable":true,"href":"https:\/\/agora.xtec.cat\/esc-teresabergada\/wp-json\/wp\/v2\/categories?post=4381"},{"taxonomy":"post_tag","embeddable":true,"href":"https:\/\/agora.xtec.cat\/esc-teresabergada\/wp-json\/wp\/v2\/tags?post=4381"}],"curies":[{"name":"wp","href":"https:\/\/api.w.org\/{rel}","templated":true}]}}