{"id":4371,"date":"2019-03-21T00:34:41","date_gmt":"2019-03-20T23:34:41","guid":{"rendered":"http:\/\/agora.xtec.cat\/esc-teresabergada\/?p=4371"},"modified":"2020-09-08T05:18:21","modified_gmt":"2020-09-08T03:18:21","slug":"jornada-de-portes-obertes-a-la-nostra-escola","status":"publish","type":"post","link":"https:\/\/agora.xtec.cat\/esc-teresabergada\/portada\/jornada-de-portes-obertes-a-la-nostra-escola\/","title":{"rendered":"JORNADA DE PORTES OBERTES"},"content":{"rendered":"<p style=\"text-align: justify\">El passat dimarts 19 de mar\u00e7 l&#8217;escola Teresa Bergad\u00e0 va convidar les fam\u00edlies a assistir a una jornada de portes obertes per donar a con\u00e8ixer, en horari lectiu, les diferents propostes educatives, projectes, recursos\u00a0 i instal\u00b7lacions del centre.<\/p>\n<p style=\"text-align: justify\">Els nois i noies\u00a0 de les aules de sis\u00e8, juntament amb el professorat d&#8217;educaci\u00f3 infantil, han estat els\/les \u00a0guies i dinamitzadors\/res de la jornada.<\/p>\n<p><a href=\"https:\/\/photos.app.goo.gl\/9q9bH1ynaLEzdZndA\"><img loading=\"lazy\" decoding=\"async\" class=\"aligncenter wp-image-4372 size-full\" src=\"https:\/\/agora.xtec.cat\/esc-teresabergada\/wp-content\/uploads\/usu1533\/2019\/03\/a66a2144-ad81-4be6-bfbf-b1cc9eabf4d9.jpg\" alt=\"\" width=\"1336\" height=\"752\" \/><\/a><\/p>\n<p><a href=\"https:\/\/agora.xtec.cat\/esc-teresabergada\/wp-content\/uploads\/usu1533\/2019\/03\/Tinas-Bridal-Shower-2.jpg\"><img loading=\"lazy\" decoding=\"async\" class=\" wp-image-4327 aligncenter\" src=\"https:\/\/agora.xtec.cat\/esc-teresabergada\/wp-content\/uploads\/usu1533\/2019\/03\/Tinas-Bridal-Shower-2.jpg\" alt=\"\" width=\"951\" height=\"317\" srcset=\"https:\/\/agora.xtec.cat\/esc-teresabergada\/wp-content\/uploads\/usu1533\/2019\/03\/Tinas-Bridal-Shower-2.jpg 600w, https:\/\/agora.xtec.cat\/esc-teresabergada\/wp-content\/uploads\/usu1533\/2019\/03\/Tinas-Bridal-Shower-2-300x100.jpg 300w\" sizes=\"auto, (max-width: 951px) 100vw, 951px\" \/><\/a><\/p>\n","protected":false},"excerpt":{"rendered":"<p>El passat dimarts 19 de mar\u00e7 l&#8217;escola Teresa Bergad\u00e0 va convidar les fam\u00edlies a assistir a una jornada de portes obertes per donar a con\u00e8ixer, en horari lectiu, les diferents propostes educatives, projectes, recursos\u00a0 i instal\u00b7lacions del centre.<br \/>\nEls nois i noies\u00a0 de les aules de&hellip;  <a href=\"https:\/\/agora.xtec.cat\/esc-teresabergada\/portada\/jornada-de-portes-obertes-a-la-nostra-escola\/\" title=\"Read JORNADA DE PORTES OBERTES\">Llegeix m\u00e9s\u00bb<\/a><\/p>\n","protected":false},"author":32,"featured_media":0,"comment_status":"open","ping_status":"closed","sticky":false,"template":"","format":"standard","meta":{"_bbp_topic_count":0,"_bbp_reply_count":0,"_bbp_total_topic_count":0,"_bbp_total_reply_count":0,"_bbp_voice_count":0,"_bbp_anonymous_reply_count":0,"_bbp_topic_count_hidden":0,"_bbp_reply_count_hidden":0,"_bbp_forum_subforum_count":0,"footnotes":""},"categories":[348,153,251,4],"tags":[],"class_list":["post-4371","post","type-post","status-publish","format-standard","hentry","category-1r","category-2n","category-i5","category-portada"],"post_mailing_queue_ids":[],"_links":{"self":[{"href":"https:\/\/agora.xtec.cat\/esc-teresabergada\/wp-json\/wp\/v2\/posts\/4371","targetHints":{"allow":["GET"]}}],"collection":[{"href":"https:\/\/agora.xtec.cat\/esc-teresabergada\/wp-json\/wp\/v2\/posts"}],"about":[{"href":"https:\/\/agora.xtec.cat\/esc-teresabergada\/wp-json\/wp\/v2\/types\/post"}],"author":[{"embeddable":true,"href":"https:\/\/agora.xtec.cat\/esc-teresabergada\/wp-json\/wp\/v2\/users\/32"}],"replies":[{"embeddable":true,"href":"https:\/\/agora.xtec.cat\/esc-teresabergada\/wp-json\/wp\/v2\/comments?post=4371"}],"version-history":[{"count":3,"href":"https:\/\/agora.xtec.cat\/esc-teresabergada\/wp-json\/wp\/v2\/posts\/4371\/revisions"}],"predecessor-version":[{"id":4395,"href":"https:\/\/agora.xtec.cat\/esc-teresabergada\/wp-json\/wp\/v2\/posts\/4371\/revisions\/4395"}],"wp:attachment":[{"href":"https:\/\/agora.xtec.cat\/esc-teresabergada\/wp-json\/wp\/v2\/media?parent=4371"}],"wp:term":[{"taxonomy":"category","embeddable":true,"href":"https:\/\/agora.xtec.cat\/esc-teresabergada\/wp-json\/wp\/v2\/categories?post=4371"},{"taxonomy":"post_tag","embeddable":true,"href":"https:\/\/agora.xtec.cat\/esc-teresabergada\/wp-json\/wp\/v2\/tags?post=4371"}],"curies":[{"name":"wp","href":"https:\/\/api.w.org\/{rel}","templated":true}]}}