{"id":4344,"date":"2019-03-14T17:36:15","date_gmt":"2019-03-14T16:36:15","guid":{"rendered":"http:\/\/agora.xtec.cat\/esc-teresabergada\/?p=4344"},"modified":"2019-09-27T09:10:22","modified_gmt":"2019-09-27T07:10:22","slug":"presentacio-projecte","status":"publish","type":"post","link":"https:\/\/agora.xtec.cat\/esc-teresabergada\/general\/presentacio-projecte\/","title":{"rendered":"Presentaci\u00f3 del projecte a les fam\u00edlies"},"content":{"rendered":"<p>Benvolgudes fam\u00edlies,<\/p>\n<p>El passat 12 de mar\u00e7 us vam presentar el nostre projecte sobre &#8220;L&#8217;edat moderna i contempor\u00e0nia&#8221;. Ens va fer molta il\u00b7lusi\u00f3 compartir el proc\u00e8s que hem seguit durant aquests mesos amb tots vosaltres. Aqu\u00ed us deixem el v\u00eddeo de la presentaci\u00f3, moltes gr\u00e0cies per la vostra assist\u00e8ncia i suport!<\/p>\n<p>(Clicant a sobre de la imatge podreu accedir al v\u00eddeo de la presentaci\u00f3!)<\/p>\n<p><a href=\"https:\/\/youtu.be\/uoeYzODWipI\"><img loading=\"lazy\" decoding=\"async\" class=\"aligncenter wp-image-4346\" src=\"https:\/\/agora.xtec.cat\/esc-teresabergada\/wp-content\/uploads\/usu1533\/2019\/03\/PROJECTE-5\u00e8-B-1-1024x1024.png\" alt=\"\" width=\"338\" height=\"338\" \/><\/a><\/p>\n<p>Les i els alumnes de 5\u00e8 B<\/p>\n","protected":false},"excerpt":{"rendered":"<p>Benvolgudes fam\u00edlies,<br \/>\nEl passat 12 de mar\u00e7 us vam presentar el nostre projecte sobre &#8220;L&#8217;edat moderna i contempor\u00e0nia&#8221;. Ens va fer molta il\u00b7lusi\u00f3 compartir el proc\u00e8s que hem seguit durant aquests mesos amb tots vosaltres. Aqu\u00ed us deixem el v\u00eddeo de la presentaci\u00f3, moltes gr\u00e0cies per&hellip;  <a href=\"https:\/\/agora.xtec.cat\/esc-teresabergada\/general\/presentacio-projecte\/\" title=\"Read Presentaci\u00f3 del projecte a les fam\u00edlies\">Llegeix m\u00e9s\u00bb<\/a><\/p>\n","protected":false},"author":1,"featured_media":0,"comment_status":"open","ping_status":"closed","sticky":false,"template":"","format":"standard","meta":{"_bbp_topic_count":0,"_bbp_reply_count":0,"_bbp_total_topic_count":0,"_bbp_total_reply_count":0,"_bbp_voice_count":0,"_bbp_anonymous_reply_count":0,"_bbp_topic_count_hidden":0,"_bbp_reply_count_hidden":0,"_bbp_forum_subforum_count":0,"footnotes":""},"categories":[1],"tags":[],"class_list":["post-4344","post","type-post","status-publish","format-standard","hentry","category-general"],"post_mailing_queue_ids":[],"_links":{"self":[{"href":"https:\/\/agora.xtec.cat\/esc-teresabergada\/wp-json\/wp\/v2\/posts\/4344","targetHints":{"allow":["GET"]}}],"collection":[{"href":"https:\/\/agora.xtec.cat\/esc-teresabergada\/wp-json\/wp\/v2\/posts"}],"about":[{"href":"https:\/\/agora.xtec.cat\/esc-teresabergada\/wp-json\/wp\/v2\/types\/post"}],"author":[{"embeddable":true,"href":"https:\/\/agora.xtec.cat\/esc-teresabergada\/wp-json\/wp\/v2\/users\/1"}],"replies":[{"embeddable":true,"href":"https:\/\/agora.xtec.cat\/esc-teresabergada\/wp-json\/wp\/v2\/comments?post=4344"}],"version-history":[{"count":3,"href":"https:\/\/agora.xtec.cat\/esc-teresabergada\/wp-json\/wp\/v2\/posts\/4344\/revisions"}],"predecessor-version":[{"id":4363,"href":"https:\/\/agora.xtec.cat\/esc-teresabergada\/wp-json\/wp\/v2\/posts\/4344\/revisions\/4363"}],"wp:attachment":[{"href":"https:\/\/agora.xtec.cat\/esc-teresabergada\/wp-json\/wp\/v2\/media?parent=4344"}],"wp:term":[{"taxonomy":"category","embeddable":true,"href":"https:\/\/agora.xtec.cat\/esc-teresabergada\/wp-json\/wp\/v2\/categories?post=4344"},{"taxonomy":"post_tag","embeddable":true,"href":"https:\/\/agora.xtec.cat\/esc-teresabergada\/wp-json\/wp\/v2\/tags?post=4344"}],"curies":[{"name":"wp","href":"https:\/\/api.w.org\/{rel}","templated":true}]}}