{"id":4282,"date":"2019-03-07T20:15:45","date_gmt":"2019-03-07T19:15:45","guid":{"rendered":"http:\/\/agora.xtec.cat\/esc-teresabergada\/?p=4282"},"modified":"2019-09-27T09:11:03","modified_gmt":"2019-09-27T07:11:03","slug":"iniciacio-al-metode-cientific-a-cicle-inicial","status":"publish","type":"post","link":"https:\/\/agora.xtec.cat\/esc-teresabergada\/blocs-de-primaria\/3r\/iniciacio-al-metode-cientific-a-cicle-inicial\/","title":{"rendered":"Iniciaci\u00f3 al m\u00e8tode cient\u00edfic a Cicle Inicial"},"content":{"rendered":"<p>Avui divendres, hem realitzat l&#8217;\u00faltima sessi\u00f3 dels primers tallers cient\u00edfics d&#8217;aquest curs, i quina millor manera de finalitzar-los que fent-vos arribar els diferents reculls fotogr\u00e0fics de cadascun dels tallers.<\/p>\n<p>Els i les alumnes han gaudit d&#8217;all\u00f2 m\u00e9s de les experi\u00e8ncies, tot comen\u00e7ant a introduir el m\u00e8tode cient\u00edfic en els seus processos de descoberta.<\/p>\n<p>Esperem que amb els vostres fills i filles pugueu reviure aquests moments d&#8217;aprenentatge.<\/p>\n\r\n\t<div class=\"slideshow_container slideshow_container_style-light\" style=\"height: 300px; \" data-slideshow-id=\"4295\" data-style-name=\"style-light\" data-style-version=\"2.3.1\" >\r\n\r\n\t\t\t\t\t<div class=\"slideshow_loading_icon\"><\/div>\r\n\t\t\r\n\t\t<div class=\"slideshow_content\" style=\"display: none;\">\r\n\r\n\t\t\t<div class=\"slideshow_view\">\r\n\t\t\t\t<div class=\"slideshow_slide slideshow_slide_image\">\r\n\t\t\t\t\t<a href=\"https:\/\/photos.app.goo.gl\/R7tQoy6cfZrgAUsw9\" target=\"_blank\" >\t\t\t\t\t\t<img src=\"https:\/\/agora.xtec.cat\/esc-teresabergada\/wp-content\/uploads\/usu1533\/2019\/03\/PHOTO-2019-02-28-17-36-22-2.jpg\" alt=\"PHOTO-2019-02-28-17-36-22 2\" width=\"1600\" height=\"1200\" \/>\r\n\t\t\t\t\t<\/a>\t\t\t\t\t<div class=\"slideshow_description_box slideshow_transparent\">\r\n\t\t\t\t\t\t<div class=\"slideshow_title\"><a href=\"https:\/\/photos.app.goo.gl\/R7tQoy6cfZrgAUsw9\" target=\"_blank\" >PHOTO-2019-02-28-17-36-22 2<\/a><\/div>\t\t\t\t\t\t\t\t\t\t\t<\/div>\r\n\t\t\t\t<\/div>\r\n\r\n\t\t\t\t\t\t<div style=\"clear: both;\"><\/div><\/div><div class=\"slideshow_view\">\r\n\t\t\t\t<div class=\"slideshow_slide slideshow_slide_image\">\r\n\t\t\t\t\t<a href=\"https:\/\/photos.app.goo.gl\/zBH66s94suAKJHgL7\" target=\"_blank\" >\t\t\t\t\t\t<img src=\"https:\/\/agora.xtec.cat\/esc-teresabergada\/wp-content\/uploads\/usu1533\/2019\/03\/WhatsApp-Image-2019-02-27-at-09.58.05.jpeg\" alt=\"WhatsApp Image 2019-02-27 at 09.58.05\" width=\"1600\" height=\"901\" \/>\r\n\t\t\t\t\t<\/a>\t\t\t\t\t<div class=\"slideshow_description_box slideshow_transparent\">\r\n\t\t\t\t\t\t<div class=\"slideshow_title\"><a href=\"https:\/\/photos.app.goo.gl\/zBH66s94suAKJHgL7\" target=\"_blank\" >WhatsApp Image 2019-02-27 at 09.58.05<\/a><\/div>\t\t\t\t\t\t\t\t\t\t\t<\/div>\r\n\t\t\t\t<\/div>\r\n\r\n\t\t\t\t\t\t<div style=\"clear: both;\"><\/div><\/div><div class=\"slideshow_view\">\t<div style=\"clear: both;\"><\/div><\/div><div class=\"slideshow_view\">\r\n\t\t\t\t<div class=\"slideshow_slide slideshow_slide_image\">\r\n\t\t\t\t\t<a href=\"https:\/\/photos.app.goo.gl\/pbyTtZraatqH7Gig6\" target=\"_blank\" >\t\t\t\t\t\t<img src=\"https:\/\/agora.xtec.cat\/esc-teresabergada\/wp-content\/uploads\/usu1533\/2019\/03\/PHOTO-2019-01-30-12-23-27-4.jpg\" alt=\"PHOTO-2019-01-30-12-23-27 4\" width=\"1200\" height=\"1600\" \/>\r\n\t\t\t\t\t<\/a>\t\t\t\t\t<div class=\"slideshow_description_box slideshow_transparent\">\r\n\t\t\t\t\t\t<div class=\"slideshow_title\"><a href=\"https:\/\/photos.app.goo.gl\/pbyTtZraatqH7Gig6\" target=\"_blank\" >PHOTO-2019-01-30-12-23-27 4<\/a><\/div>\t\t\t\t\t\t\t\t\t\t\t<\/div>\r\n\t\t\t\t<\/div>\r\n\r\n\t\t\t\t\t\t<div style=\"clear: both;\"><\/div><\/div>\r\n\t\t<\/div>\r\n\r\n\t\t<div class=\"slideshow_controlPanel slideshow_transparent\" style=\"display: none;\"><ul><li class=\"slideshow_togglePlay\" data-play-text=\"Visualitza\" data-pause-text=\"Pausa\"><\/li><\/ul><\/div>\r\n\r\n\t\t<div class=\"slideshow_button slideshow_previous slideshow_transparent\" role=\"button\" data-previous-text=\"Anterior\" style=\"display: none;\"><\/div>\r\n\t\t<div class=\"slideshow_button slideshow_next slideshow_transparent\" role=\"button\" data-next-text=\"Seg\u00fcent\" style=\"display: none;\"><\/div>\r\n\r\n\t\t<div class=\"slideshow_pagination\" style=\"display: none;\" data-go-to-text=\"V\u00e9s a la diapositiva\"><div class=\"slideshow_pagination_center\"><\/div><\/div>\r\n\r\n\t\t<!-- WordPress Slideshow Version 2.3.1 -->\r\n\r\n\t\t\t<\/div>\r\n\r\n\n<p>&nbsp;<\/p>\n<p>&nbsp;<\/p>\n","protected":false},"excerpt":{"rendered":"<p>Avui divendres, hem realitzat l&#8217;\u00faltima sessi\u00f3 dels primers tallers cient\u00edfics d&#8217;aquest curs, i quina millor manera de finalitzar-los que fent-vos arribar els diferents reculls fotogr\u00e0fics de cadascun dels tallers.<br \/>\nEls i les alumnes han gaudit d&#8217;all\u00f2 m\u00e9s de les experi\u00e8ncies, tot comen\u00e7ant a introduir el m\u00e8tode&hellip;  <a href=\"https:\/\/agora.xtec.cat\/esc-teresabergada\/blocs-de-primaria\/3r\/iniciacio-al-metode-cientific-a-cicle-inicial\/\" title=\"Read Iniciaci\u00f3 al m\u00e8tode cient\u00edfic a Cicle Inicial\">Llegeix m\u00e9s\u00bb<\/a><\/p>\n","protected":false},"author":1,"featured_media":4296,"comment_status":"open","ping_status":"closed","sticky":false,"template":"","format":"standard","meta":{"_bbp_topic_count":0,"_bbp_reply_count":0,"_bbp_total_topic_count":0,"_bbp_total_reply_count":0,"_bbp_voice_count":0,"_bbp_anonymous_reply_count":0,"_bbp_topic_count_hidden":0,"_bbp_reply_count_hidden":0,"_bbp_forum_subforum_count":0,"footnotes":""},"categories":[238,250],"tags":[172,408,220],"class_list":["post-4282","post","type-post","status-publish","format-standard","has-post-thumbnail","hentry","category-3r","category-4t","tag-medi","tag-metode-cientific","tag-tallers-cientifics"],"post_mailing_queue_ids":[],"_links":{"self":[{"href":"https:\/\/agora.xtec.cat\/esc-teresabergada\/wp-json\/wp\/v2\/posts\/4282","targetHints":{"allow":["GET"]}}],"collection":[{"href":"https:\/\/agora.xtec.cat\/esc-teresabergada\/wp-json\/wp\/v2\/posts"}],"about":[{"href":"https:\/\/agora.xtec.cat\/esc-teresabergada\/wp-json\/wp\/v2\/types\/post"}],"author":[{"embeddable":true,"href":"https:\/\/agora.xtec.cat\/esc-teresabergada\/wp-json\/wp\/v2\/users\/1"}],"replies":[{"embeddable":true,"href":"https:\/\/agora.xtec.cat\/esc-teresabergada\/wp-json\/wp\/v2\/comments?post=4282"}],"version-history":[{"count":4,"href":"https:\/\/agora.xtec.cat\/esc-teresabergada\/wp-json\/wp\/v2\/posts\/4282\/revisions"}],"predecessor-version":[{"id":5316,"href":"https:\/\/agora.xtec.cat\/esc-teresabergada\/wp-json\/wp\/v2\/posts\/4282\/revisions\/5316"}],"wp:featuredmedia":[{"embeddable":true,"href":"https:\/\/agora.xtec.cat\/esc-teresabergada\/wp-json\/wp\/v2\/media\/4296"}],"wp:attachment":[{"href":"https:\/\/agora.xtec.cat\/esc-teresabergada\/wp-json\/wp\/v2\/media?parent=4282"}],"wp:term":[{"taxonomy":"category","embeddable":true,"href":"https:\/\/agora.xtec.cat\/esc-teresabergada\/wp-json\/wp\/v2\/categories?post=4282"},{"taxonomy":"post_tag","embeddable":true,"href":"https:\/\/agora.xtec.cat\/esc-teresabergada\/wp-json\/wp\/v2\/tags?post=4282"}],"curies":[{"name":"wp","href":"https:\/\/api.w.org\/{rel}","templated":true}]}}