{"id":4272,"date":"2019-03-05T15:49:20","date_gmt":"2019-03-05T14:49:20","guid":{"rendered":"http:\/\/agora.xtec.cat\/esc-teresabergada\/?p=4272"},"modified":"2019-09-27T09:11:43","modified_gmt":"2019-09-27T07:11:43","slug":"centre-dart-la-panera-ignacio-uriarte","status":"publish","type":"post","link":"https:\/\/agora.xtec.cat\/esc-teresabergada\/general\/centre-dart-la-panera-ignacio-uriarte\/","title":{"rendered":"Centre d&#8217;Art la Panera: Ignacio Uriarte"},"content":{"rendered":"<p>Avui ha vingut a visitar-nos l&#8217;Helena del Centre d&#8217;Art la Panera, i ens ha presentat un artista contemporani, l&#8217;Ignacio Uriarte.\u00a0<span style=\"line-height: 25.6px\">L\u00b4Igancio Uriarte abans de dedicar-se al m\u00f3n de l\u00b4art contemporani era secretari d\u00b4un bufet d&#8217;advocats i treballava en una oficina.<\/span><\/p>\n<p><span style=\"line-height: 25.6px\">Ha fet art a partir de la repetici\u00f3 a l\u00b4en\u00e8ssima pot\u00e8ncia dels materials t\u00edpics d\u00b4oficina (bolis Bic, folis, gomes\u2026).<\/span><\/p>\n<p>Avui hem conegut l&#8217;artista, i durant les properes quatre sessions d&#8217;art, ens aproximarem a la seva mirada, tot interactuant amb el material amb el qual ell creava.<\/p>\n<p>Si cliqueu a la imatge per veure la sessi\u00f3 que hem fet amb l&#8217;Helena.<\/p>\n<p><a href=\"https:\/\/photos.app.goo.gl\/AFdUZPZCgcFj8v4J6\" rel=\"https:\/\/photos.app.goo.gl\/AFdUZPZCgcFj8v4J6\"><img loading=\"lazy\" decoding=\"async\" class=\"aligncenter wp-image-4273 size-large\" src=\"https:\/\/agora.xtec.cat\/esc-teresabergada\/wp-content\/uploads\/usu1533\/2019\/03\/20190305_114426-1024x498.jpg\" alt=\"\" width=\"1024\" height=\"498\" \/><\/a><\/p>\n","protected":false},"excerpt":{"rendered":"<p>Avui ha vingut a visitar-nos l&#8217;Helena del Centre d&#8217;Art la Panera, i ens ha presentat un artista contemporani, l&#8217;Ignacio Uriarte.\u00a0L\u00b4Igancio Uriarte abans de dedicar-se al m\u00f3n de l\u00b4art contemporani era secretari d\u00b4un bufet d&#8217;advocats i treballava en una oficina.<br \/>\nHa fet art a partir de la&hellip;  <a href=\"https:\/\/agora.xtec.cat\/esc-teresabergada\/general\/centre-dart-la-panera-ignacio-uriarte\/\" title=\"Read Centre d&#8217;Art la Panera: Ignacio Uriarte\">Llegeix m\u00e9s\u00bb<\/a><\/p>\n","protected":false},"author":37,"featured_media":0,"comment_status":"open","ping_status":"closed","sticky":false,"template":"","format":"standard","meta":{"_bbp_topic_count":0,"_bbp_reply_count":0,"_bbp_total_topic_count":0,"_bbp_total_reply_count":0,"_bbp_voice_count":0,"_bbp_anonymous_reply_count":0,"_bbp_topic_count_hidden":0,"_bbp_reply_count_hidden":0,"_bbp_forum_subforum_count":0,"footnotes":""},"categories":[1],"tags":[244,415,416,414],"class_list":["post-4272","post","type-post","status-publish","format-standard","hentry","category-general","tag-art","tag-caixes-dautor","tag-ignacio-uriarte","tag-la-panera"],"post_mailing_queue_ids":[],"_links":{"self":[{"href":"https:\/\/agora.xtec.cat\/esc-teresabergada\/wp-json\/wp\/v2\/posts\/4272","targetHints":{"allow":["GET"]}}],"collection":[{"href":"https:\/\/agora.xtec.cat\/esc-teresabergada\/wp-json\/wp\/v2\/posts"}],"about":[{"href":"https:\/\/agora.xtec.cat\/esc-teresabergada\/wp-json\/wp\/v2\/types\/post"}],"author":[{"embeddable":true,"href":"https:\/\/agora.xtec.cat\/esc-teresabergada\/wp-json\/wp\/v2\/users\/37"}],"replies":[{"embeddable":true,"href":"https:\/\/agora.xtec.cat\/esc-teresabergada\/wp-json\/wp\/v2\/comments?post=4272"}],"version-history":[{"count":3,"href":"https:\/\/agora.xtec.cat\/esc-teresabergada\/wp-json\/wp\/v2\/posts\/4272\/revisions"}],"predecessor-version":[{"id":4277,"href":"https:\/\/agora.xtec.cat\/esc-teresabergada\/wp-json\/wp\/v2\/posts\/4272\/revisions\/4277"}],"wp:attachment":[{"href":"https:\/\/agora.xtec.cat\/esc-teresabergada\/wp-json\/wp\/v2\/media?parent=4272"}],"wp:term":[{"taxonomy":"category","embeddable":true,"href":"https:\/\/agora.xtec.cat\/esc-teresabergada\/wp-json\/wp\/v2\/categories?post=4272"},{"taxonomy":"post_tag","embeddable":true,"href":"https:\/\/agora.xtec.cat\/esc-teresabergada\/wp-json\/wp\/v2\/tags?post=4272"}],"curies":[{"name":"wp","href":"https:\/\/api.w.org\/{rel}","templated":true}]}}