{"id":4257,"date":"2019-03-05T11:06:17","date_gmt":"2019-03-05T10:06:17","guid":{"rendered":"http:\/\/agora.xtec.cat\/esc-teresabergada\/?p=4257"},"modified":"2020-09-08T05:18:45","modified_gmt":"2020-09-08T03:18:45","slug":"contes-musicals","status":"publish","type":"post","link":"https:\/\/agora.xtec.cat\/esc-teresabergada\/general\/contes-musicals\/","title":{"rendered":"Contes musicals"},"content":{"rendered":"<p>El conte, com qualsevol altre g\u00e8nere narratiu, descriu un fet i inclou una o diverses seq\u00fc\u00e8ncies que converteixen la hist\u00f2ria en\u00a0trama. Compta almenys amb un personatge caracteritzat i un recurs imprescindible: un narrador que explica l\u2019acci\u00f3.El conte infantil no \u00e9s \u00fanicament \u00a0important com a est\u00edmul pel futur lector, sin\u00f3 tamb\u00e9, perqu\u00e8 contribueix al desenvolupament del llenguatge, de la creaci\u00f3 liter\u00e0ria, de la imaginaci\u00f3 de mons possibles, entre altres.<\/p>\n<p>Mitjan\u00e7ant la uni\u00f3 de la literatura infantil i la m\u00fasica, els nens i les nenes d&#8217;educaci\u00f3 infantil es converteixen en o\u00efdors o protagonistes de la hist\u00f2ria, la qual cosa permet que es mantingui la motivaci\u00f3 durant l\u2019execuci\u00f3 del conte musical, \u00e9s aqu\u00ed on es fa present l\u2019element m\u00e0gic que acompanya a la fantasia dels m\u00e9s petits.<\/p>\n<p>Clica les imatges per poder gaudir dels contes:<\/p>\n<p><strong>LA PIANISTA EMBRUIXADA<\/strong><\/p>\n<p><a href=\"http:\/\/www.super3.cat\/unamadecontes\/conte\/La-pianista-embruixada\/catala\/2190\"><img loading=\"lazy\" decoding=\"async\" class=\"alignnone size-medium wp-image-4258\" src=\"https:\/\/agora.xtec.cat\/esc-teresabergada\/wp-content\/uploads\/usu1533\/2019\/03\/1422504232044-300x169.jpg\" alt=\"\" width=\"300\" height=\"169\" srcset=\"https:\/\/agora.xtec.cat\/esc-teresabergada\/wp-content\/uploads\/usu1533\/2019\/03\/1422504232044-300x169.jpg 300w, https:\/\/agora.xtec.cat\/esc-teresabergada\/wp-content\/uploads\/usu1533\/2019\/03\/1422504232044.jpg 426w\" sizes=\"auto, (max-width: 300px) 100vw, 300px\" \/><\/a><\/p>\n<p>&nbsp;<\/p>\n<p><strong>EL FANTASMA DEL VIOLI<\/strong><\/p>\n<p><a href=\"http:\/\/www.super3.cat\/unamadecontes\/conte\/El-fantasma-del-violi\/catala\/265\"><img loading=\"lazy\" decoding=\"async\" class=\"alignnone size-medium wp-image-4261\" src=\"https:\/\/agora.xtec.cat\/esc-teresabergada\/wp-content\/uploads\/usu1533\/2019\/03\/1227741030288-300x225.jpg\" alt=\"\" width=\"300\" height=\"225\" srcset=\"https:\/\/agora.xtec.cat\/esc-teresabergada\/wp-content\/uploads\/usu1533\/2019\/03\/1227741030288-300x225.jpg 300w, https:\/\/agora.xtec.cat\/esc-teresabergada\/wp-content\/uploads\/usu1533\/2019\/03\/1227741030288-200x150.jpg 200w, https:\/\/agora.xtec.cat\/esc-teresabergada\/wp-content\/uploads\/usu1533\/2019\/03\/1227741030288.jpg 320w\" sizes=\"auto, (max-width: 300px) 100vw, 300px\" \/><\/a><\/p>\n<p>&nbsp;<\/p>\n<p><strong>ELS MUSICS DE BREMEN<\/strong><\/p>\n<p><a href=\"https:\/\/www.youtube.com\/watch?v=nHY11mTLQA0\"><img loading=\"lazy\" decoding=\"async\" class=\"alignnone size-full wp-image-4264\" src=\"https:\/\/agora.xtec.cat\/esc-teresabergada\/wp-content\/uploads\/usu1533\/2019\/03\/baixa.jpg\" alt=\"\" width=\"259\" height=\"194\" srcset=\"https:\/\/agora.xtec.cat\/esc-teresabergada\/wp-content\/uploads\/usu1533\/2019\/03\/baixa.jpg 259w, https:\/\/agora.xtec.cat\/esc-teresabergada\/wp-content\/uploads\/usu1533\/2019\/03\/baixa-200x150.jpg 200w\" sizes=\"auto, (max-width: 259px) 100vw, 259px\" \/><\/a><\/p>\n<p>&nbsp;<\/p>\n<p>&nbsp;<\/p>\n","protected":false},"excerpt":{"rendered":"<p>El conte, com qualsevol altre g\u00e8nere narratiu, descriu un fet i inclou una o diverses seq\u00fc\u00e8ncies que converteixen la hist\u00f2ria en\u00a0trama. Compta almenys amb un personatge caracteritzat i un recurs imprescindible: un narrador que explica l\u2019acci\u00f3.El conte infantil no \u00e9s \u00fanicament \u00a0important com a est\u00edmul&hellip;  <a href=\"https:\/\/agora.xtec.cat\/esc-teresabergada\/general\/contes-musicals\/\" title=\"Read Contes musicals\">Llegeix m\u00e9s\u00bb<\/a><\/p>\n","protected":false},"author":1,"featured_media":4263,"comment_status":"open","ping_status":"closed","sticky":false,"template":"","format":"standard","meta":{"_bbp_topic_count":0,"_bbp_reply_count":0,"_bbp_total_topic_count":0,"_bbp_total_reply_count":0,"_bbp_voice_count":0,"_bbp_anonymous_reply_count":0,"_bbp_topic_count_hidden":0,"_bbp_reply_count_hidden":0,"_bbp_forum_subforum_count":0,"footnotes":""},"categories":[348,153,1,251,104],"tags":[374,121,187,56],"class_list":["post-4257","post","type-post","status-publish","format-standard","has-post-thumbnail","hentry","category-1r","category-2n","category-general","category-i5","category-musica","tag-contes-musicals","tag-educacio-infantil","tag-escoltar","tag-musica"],"post_mailing_queue_ids":[],"_links":{"self":[{"href":"https:\/\/agora.xtec.cat\/esc-teresabergada\/wp-json\/wp\/v2\/posts\/4257","targetHints":{"allow":["GET"]}}],"collection":[{"href":"https:\/\/agora.xtec.cat\/esc-teresabergada\/wp-json\/wp\/v2\/posts"}],"about":[{"href":"https:\/\/agora.xtec.cat\/esc-teresabergada\/wp-json\/wp\/v2\/types\/post"}],"author":[{"embeddable":true,"href":"https:\/\/agora.xtec.cat\/esc-teresabergada\/wp-json\/wp\/v2\/users\/1"}],"replies":[{"embeddable":true,"href":"https:\/\/agora.xtec.cat\/esc-teresabergada\/wp-json\/wp\/v2\/comments?post=4257"}],"version-history":[{"count":3,"href":"https:\/\/agora.xtec.cat\/esc-teresabergada\/wp-json\/wp\/v2\/posts\/4257\/revisions"}],"predecessor-version":[{"id":4267,"href":"https:\/\/agora.xtec.cat\/esc-teresabergada\/wp-json\/wp\/v2\/posts\/4257\/revisions\/4267"}],"wp:featuredmedia":[{"embeddable":true,"href":"https:\/\/agora.xtec.cat\/esc-teresabergada\/wp-json\/wp\/v2\/media\/4263"}],"wp:attachment":[{"href":"https:\/\/agora.xtec.cat\/esc-teresabergada\/wp-json\/wp\/v2\/media?parent=4257"}],"wp:term":[{"taxonomy":"category","embeddable":true,"href":"https:\/\/agora.xtec.cat\/esc-teresabergada\/wp-json\/wp\/v2\/categories?post=4257"},{"taxonomy":"post_tag","embeddable":true,"href":"https:\/\/agora.xtec.cat\/esc-teresabergada\/wp-json\/wp\/v2\/tags?post=4257"}],"curies":[{"name":"wp","href":"https:\/\/api.w.org\/{rel}","templated":true}]}}