{"id":4227,"date":"2019-03-03T22:49:06","date_gmt":"2019-03-03T21:49:06","guid":{"rendered":"http:\/\/agora.xtec.cat\/esc-teresabergada\/?p=4227"},"modified":"2020-09-08T05:19:00","modified_gmt":"2020-09-08T03:19:00","slug":"la-capsa-de-la-vida-de-la-maramu","status":"publish","type":"post","link":"https:\/\/agora.xtec.cat\/esc-teresabergada\/infantil\/i5\/la-capsa-de-la-vida-de-la-maramu\/","title":{"rendered":"LA CAPSA DE LA VIDA DE LA MARAMU"},"content":{"rendered":"<p>La Kadiejatu, la mare de la Maramu, ha vingut a l&#8217;escola a presentar la capsa de la vida. Hem passat una bona estona i la Maramu ha estat encantada de participar en la presentaci\u00f3. Primer ha tret un pitet i despr\u00e9s un biber\u00f3 de quan era un nad\u00f3. Quan ha tret les sabatetes dels primers mesos, se les ha volgut emprovar i ha comentat que no eren seves sin\u00f3 de la seva germana Amenata. Hem rigut molt a gust amb les expressions de la Maramu, tan divertida com dolceta. A m\u00e9s a m\u00e9s han portat un invitat, un ve\u00ed amic de la fam\u00edlia, que tamb\u00e9 s&#8217;ha assegut al lloc d&#8217;honor de la fam\u00edlia.<\/p>\n<p><a style=\"font-weight: bold;font-family: inherit;font-size: 1em\" href=\"https:\/\/agora.xtec.cat\/esc-teresabergada\/wp-content\/uploads\/usu1533\/2019\/03\/IMG_20190212_120920.jpg\"><img loading=\"lazy\" decoding=\"async\" class=\" wp-image-4228\" src=\"https:\/\/agora.xtec.cat\/esc-teresabergada\/wp-content\/uploads\/usu1533\/2019\/03\/IMG_20190212_120920-647x1024.jpg\" alt=\"\" width=\"341\" height=\"539\" \/><\/a><\/p>\n<p>Cliqueu <a href=\"https:\/\/photos.app.goo.gl\/cRZF4WtGtUma3GWC7\"><em><strong>aqu\u00ed<\/strong><\/em><\/a> per veure les fotografies de la presentaci\u00f3.<\/p>\n","protected":false},"excerpt":{"rendered":"<p>La Kadiejatu, la mare de la Maramu, ha vingut a l&#8217;escola a presentar la capsa de la vida. Hem passat una bona estona i la Maramu ha estat encantada de participar en la presentaci\u00f3. Primer ha tret un pitet i despr\u00e9s un biber\u00f3 de quan&hellip;  <a href=\"https:\/\/agora.xtec.cat\/esc-teresabergada\/infantil\/i5\/la-capsa-de-la-vida-de-la-maramu\/\" title=\"Read LA CAPSA DE LA VIDA DE LA MARAMU\">Llegeix m\u00e9s\u00bb<\/a><\/p>\n","protected":false},"author":12,"featured_media":0,"comment_status":"open","ping_status":"closed","sticky":false,"template":"","format":"standard","meta":{"_bbp_topic_count":0,"_bbp_reply_count":0,"_bbp_total_topic_count":0,"_bbp_total_reply_count":0,"_bbp_voice_count":0,"_bbp_anonymous_reply_count":0,"_bbp_topic_count_hidden":0,"_bbp_reply_count_hidden":0,"_bbp_forum_subforum_count":0,"footnotes":""},"categories":[251],"tags":[317,121,407],"class_list":["post-4227","post","type-post","status-publish","format-standard","hentry","category-i5","tag-capses-de-vida","tag-educacio-infantil","tag-p3a"],"post_mailing_queue_ids":[],"_links":{"self":[{"href":"https:\/\/agora.xtec.cat\/esc-teresabergada\/wp-json\/wp\/v2\/posts\/4227","targetHints":{"allow":["GET"]}}],"collection":[{"href":"https:\/\/agora.xtec.cat\/esc-teresabergada\/wp-json\/wp\/v2\/posts"}],"about":[{"href":"https:\/\/agora.xtec.cat\/esc-teresabergada\/wp-json\/wp\/v2\/types\/post"}],"author":[{"embeddable":true,"href":"https:\/\/agora.xtec.cat\/esc-teresabergada\/wp-json\/wp\/v2\/users\/12"}],"replies":[{"embeddable":true,"href":"https:\/\/agora.xtec.cat\/esc-teresabergada\/wp-json\/wp\/v2\/comments?post=4227"}],"version-history":[{"count":3,"href":"https:\/\/agora.xtec.cat\/esc-teresabergada\/wp-json\/wp\/v2\/posts\/4227\/revisions"}],"predecessor-version":[{"id":4303,"href":"https:\/\/agora.xtec.cat\/esc-teresabergada\/wp-json\/wp\/v2\/posts\/4227\/revisions\/4303"}],"wp:attachment":[{"href":"https:\/\/agora.xtec.cat\/esc-teresabergada\/wp-json\/wp\/v2\/media?parent=4227"}],"wp:term":[{"taxonomy":"category","embeddable":true,"href":"https:\/\/agora.xtec.cat\/esc-teresabergada\/wp-json\/wp\/v2\/categories?post=4227"},{"taxonomy":"post_tag","embeddable":true,"href":"https:\/\/agora.xtec.cat\/esc-teresabergada\/wp-json\/wp\/v2\/tags?post=4227"}],"curies":[{"name":"wp","href":"https:\/\/api.w.org\/{rel}","templated":true}]}}