{"id":4221,"date":"2019-03-03T22:11:51","date_gmt":"2019-03-03T21:11:51","guid":{"rendered":"http:\/\/agora.xtec.cat\/esc-teresabergada\/?p=4221"},"modified":"2020-09-08T05:19:10","modified_gmt":"2020-09-08T03:19:10","slug":"la-capsa-de-la-vida-de-leder","status":"publish","type":"post","link":"https:\/\/agora.xtec.cat\/esc-teresabergada\/infantil\/i5\/la-capsa-de-la-vida-de-leder\/","title":{"rendered":"LA CAPSA DE LA VIDA DE L&#8217;\u00c9DER"},"content":{"rendered":"<p>La mare de l&#8217;\u00c9der, la Mari Carme, i la seva germana, la Ivette, han acompanyat a l&#8217;\u00c9der a explicar la seva capsa de la vida. Els tresors han sigut ben dolcets; ens ha dut un xumet, trencat de tant que li agradava quan era petit. Tamb\u00e9 ha volgut compartir el seu nino tovet, de quan va n\u00e9ixer, i el seu gorret de color blau tan petit que no li cap al cap. I per acabar la pin\u00e7a amb el cord\u00f3 umbilical i la polsereta de l&#8217;hospital. Ha estat una estona divertitda perqu\u00e8 l&#8217;\u00c9der no es volia posar el gorret ni atansar-se al xumet, per\u00f2 per la tarda fins i tot se la posat. La veritat \u00e9s que li anava s\u00faper petit perqu\u00e8 ha crescut molt des que va n\u00e9ixer. Hem passat una bona estona.<\/p>\n<p><a style=\"font-weight: bold;font-family: inherit;font-size: 1em\" href=\"https:\/\/agora.xtec.cat\/esc-teresabergada\/wp-content\/uploads\/usu1533\/2019\/03\/IMG_20190213_115203.jpg\"><img loading=\"lazy\" decoding=\"async\" class=\" wp-image-4222\" src=\"https:\/\/agora.xtec.cat\/esc-teresabergada\/wp-content\/uploads\/usu1533\/2019\/03\/IMG_20190213_115203-1024x990.jpg\" alt=\"\" width=\"495\" height=\"479\" \/><\/a><\/p>\n<p>Si voleu veure els millors moments de la presentaci\u00f3 de la capsa, cliqueu\u00a0<a href=\"https:\/\/photos.app.goo.gl\/oeZ9otatYbkX8aVSA\"><em><strong>aqu\u00ed<\/strong><\/em><\/a>.<\/p>\n<p>&nbsp;<\/p>\n","protected":false},"excerpt":{"rendered":"<p>La mare de l&#8217;\u00c9der, la Mari Carme, i la seva germana, la Ivette, han acompanyat a l&#8217;\u00c9der a explicar la seva capsa de la vida. Els tresors han sigut ben dolcets; ens ha dut un xumet, trencat de tant que li agradava quan era petit.&hellip;  <a href=\"https:\/\/agora.xtec.cat\/esc-teresabergada\/infantil\/i5\/la-capsa-de-la-vida-de-leder\/\" title=\"Read LA CAPSA DE LA VIDA DE L&#8217;\u00c9DER\">Llegeix m\u00e9s\u00bb<\/a><\/p>\n","protected":false},"author":12,"featured_media":0,"comment_status":"open","ping_status":"closed","sticky":false,"template":"","format":"standard","meta":{"_bbp_topic_count":0,"_bbp_reply_count":0,"_bbp_total_topic_count":0,"_bbp_total_reply_count":0,"_bbp_voice_count":0,"_bbp_anonymous_reply_count":0,"_bbp_topic_count_hidden":0,"_bbp_reply_count_hidden":0,"_bbp_forum_subforum_count":0,"footnotes":""},"categories":[251],"tags":[317,121,406,407],"class_list":["post-4221","post","type-post","status-publish","format-standard","hentry","category-i5","tag-capses-de-vida","tag-educacio-infantil","tag-les-capses-de-la-vida","tag-p3a"],"post_mailing_queue_ids":[],"_links":{"self":[{"href":"https:\/\/agora.xtec.cat\/esc-teresabergada\/wp-json\/wp\/v2\/posts\/4221","targetHints":{"allow":["GET"]}}],"collection":[{"href":"https:\/\/agora.xtec.cat\/esc-teresabergada\/wp-json\/wp\/v2\/posts"}],"about":[{"href":"https:\/\/agora.xtec.cat\/esc-teresabergada\/wp-json\/wp\/v2\/types\/post"}],"author":[{"embeddable":true,"href":"https:\/\/agora.xtec.cat\/esc-teresabergada\/wp-json\/wp\/v2\/users\/12"}],"replies":[{"embeddable":true,"href":"https:\/\/agora.xtec.cat\/esc-teresabergada\/wp-json\/wp\/v2\/comments?post=4221"}],"version-history":[{"count":4,"href":"https:\/\/agora.xtec.cat\/esc-teresabergada\/wp-json\/wp\/v2\/posts\/4221\/revisions"}],"predecessor-version":[{"id":4226,"href":"https:\/\/agora.xtec.cat\/esc-teresabergada\/wp-json\/wp\/v2\/posts\/4221\/revisions\/4226"}],"wp:attachment":[{"href":"https:\/\/agora.xtec.cat\/esc-teresabergada\/wp-json\/wp\/v2\/media?parent=4221"}],"wp:term":[{"taxonomy":"category","embeddable":true,"href":"https:\/\/agora.xtec.cat\/esc-teresabergada\/wp-json\/wp\/v2\/categories?post=4221"},{"taxonomy":"post_tag","embeddable":true,"href":"https:\/\/agora.xtec.cat\/esc-teresabergada\/wp-json\/wp\/v2\/tags?post=4221"}],"curies":[{"name":"wp","href":"https:\/\/api.w.org\/{rel}","templated":true}]}}