{"id":4219,"date":"2019-03-03T23:07:19","date_gmt":"2019-03-03T22:07:19","guid":{"rendered":"http:\/\/agora.xtec.cat\/esc-teresabergada\/?p=4219"},"modified":"2020-09-08T05:18:52","modified_gmt":"2020-09-08T03:18:52","slug":"projecte-dart-encaixat-de-la-panera-capsa-som-sons-den-miquel-mont","status":"publish","type":"post","link":"https:\/\/agora.xtec.cat\/esc-teresabergada\/blocs-de-primaria\/2n\/projecte-dart-encaixat-de-la-panera-capsa-som-sons-den-miquel-mont\/","title":{"rendered":"Projecte  d\u00b4art &#8220;Encaixa\u00b4t&#8221; de la Panera: Capsa &#8220;Som sons&#8221; d\u00b4en Miquel Mont."},"content":{"rendered":"<p>Una segona ronda de tallers d\u00b4art ha iniciat, de nou,\u00a0 amb l\u00b4activaci\u00f3 que ens va fer l\u00b4Helena de la Panera de la Caixa &#8220;Som sons&#8221;. En ella v\u00e0rem poder veure diferents elements correlacionats amb les diferents fam\u00edlies d\u00b4instruments de m\u00fasica, a trav\u00e9s dels quals els infants poden fer volar la seva imaginaci\u00f3 i experimentar amb els sons i les possibilitats que ens donen aquests materials:<\/p>\n<p><strong>Els cons<\/strong> s\u00f3n com altaveus, els infants fins i tot s\u00b4hi poden amagar, el fet que n\u00b4hi hagi tres de platejats fa que es puguin interrelacionar entre ells.<\/p>\n<p><strong>Carabasses africanes<\/strong><strong>, <\/strong>en Miquel Mont hi ha posat una corda de guitarra. Actua com a pavell\u00f3 auditiu. Es pot escoltar el so de la corda de piano de la carabassa quan toca a terra.<\/p>\n<p><strong>Tubs relacionat amb l\u00b4obra de l\u00b4<\/strong><strong>Autorretrat d\u00b4en Miquel Mont<\/strong><strong>: <\/strong>\u00e9s la representaci\u00f3 de les diferents mesures de les parts del seu cos (taronja mesura del bra\u00e7, groc el coll, verd la seva estatura).<\/p>\n<p>En Miquel Mont \u00e9s un artista catal\u00e0,\u00a0 resident a Par\u00eds, que inspira aquesta caixa.\u00a0Li encanta explorar els l\u00edmits de la pintura des d&#8217;un punt vista absolutament formal, en el qual el que interessa \u00e9s la manera de tractar-la i de fer-la servir. A les obres dels anys vuitanta i noranta treballa la pintura des de la seva densitat, fins a convertir les seves peces gaireb\u00e9 en objectes de tres dimensions. No difumina colors a les seves obres, s\u00f3n monocromes. Fa obres molt planes i juga a canviar espais de colors. Introdueix moltes figures geom\u00e8triques a les obres.<\/p>\n<p>Si cliqueu a la imatge seg\u00fcent veureu un petit recull audiovisual.<\/p>\n<p><a href=\"https:\/\/youtu.be\/8rZQNIh79Zo\"><img loading=\"lazy\" decoding=\"async\" class=\"alignnone size-full wp-image-4220\" src=\"https:\/\/agora.xtec.cat\/esc-teresabergada\/wp-content\/uploads\/usu1533\/2019\/03\/moody-river.jpg\" alt=\"\" width=\"945\" height=\"756\" \/><\/a><\/p>\n","protected":false},"excerpt":{"rendered":"<p>Una segona ronda de tallers d\u00b4art ha iniciat, de nou,\u00a0 amb l\u00b4activaci\u00f3 que ens va fer l\u00b4Helena de la Panera de la Caixa &#8220;Som sons&#8221;. En ella v\u00e0rem poder veure diferents elements correlacionats amb les diferents fam\u00edlies d\u00b4instruments de m\u00fasica, a trav\u00e9s dels quals els&hellip;  <a href=\"https:\/\/agora.xtec.cat\/esc-teresabergada\/blocs-de-primaria\/2n\/projecte-dart-encaixat-de-la-panera-capsa-som-sons-den-miquel-mont\/\" title=\"Read Projecte  d\u00b4art &#8220;Encaixa\u00b4t&#8221; de la Panera: Capsa &#8220;Som sons&#8221; d\u00b4en Miquel Mont.\">Llegeix m\u00e9s\u00bb<\/a><\/p>\n","protected":false},"author":1,"featured_media":0,"comment_status":"open","ping_status":"closed","sticky":false,"template":"","format":"standard","meta":{"_bbp_topic_count":0,"_bbp_reply_count":0,"_bbp_total_topic_count":0,"_bbp_total_reply_count":0,"_bbp_voice_count":0,"_bbp_anonymous_reply_count":0,"_bbp_topic_count_hidden":0,"_bbp_reply_count_hidden":0,"_bbp_forum_subforum_count":0,"footnotes":""},"categories":[348,153,251],"tags":[],"class_list":["post-4219","post","type-post","status-publish","format-standard","hentry","category-1r","category-2n","category-i5"],"post_mailing_queue_ids":[],"_links":{"self":[{"href":"https:\/\/agora.xtec.cat\/esc-teresabergada\/wp-json\/wp\/v2\/posts\/4219","targetHints":{"allow":["GET"]}}],"collection":[{"href":"https:\/\/agora.xtec.cat\/esc-teresabergada\/wp-json\/wp\/v2\/posts"}],"about":[{"href":"https:\/\/agora.xtec.cat\/esc-teresabergada\/wp-json\/wp\/v2\/types\/post"}],"author":[{"embeddable":true,"href":"https:\/\/agora.xtec.cat\/esc-teresabergada\/wp-json\/wp\/v2\/users\/1"}],"replies":[{"embeddable":true,"href":"https:\/\/agora.xtec.cat\/esc-teresabergada\/wp-json\/wp\/v2\/comments?post=4219"}],"version-history":[{"count":3,"href":"https:\/\/agora.xtec.cat\/esc-teresabergada\/wp-json\/wp\/v2\/posts\/4219\/revisions"}],"predecessor-version":[{"id":4238,"href":"https:\/\/agora.xtec.cat\/esc-teresabergada\/wp-json\/wp\/v2\/posts\/4219\/revisions\/4238"}],"wp:attachment":[{"href":"https:\/\/agora.xtec.cat\/esc-teresabergada\/wp-json\/wp\/v2\/media?parent=4219"}],"wp:term":[{"taxonomy":"category","embeddable":true,"href":"https:\/\/agora.xtec.cat\/esc-teresabergada\/wp-json\/wp\/v2\/categories?post=4219"},{"taxonomy":"post_tag","embeddable":true,"href":"https:\/\/agora.xtec.cat\/esc-teresabergada\/wp-json\/wp\/v2\/tags?post=4219"}],"curies":[{"name":"wp","href":"https:\/\/api.w.org\/{rel}","templated":true}]}}