{"id":4214,"date":"2019-03-03T10:43:45","date_gmt":"2019-03-03T09:43:45","guid":{"rendered":"http:\/\/agora.xtec.cat\/esc-teresabergada\/?p=4214"},"modified":"2019-09-27T09:12:51","modified_gmt":"2019-09-27T07:12:51","slug":"gran-concurs-de-cuina-a-1r","status":"publish","type":"post","link":"https:\/\/agora.xtec.cat\/esc-teresabergada\/general\/gran-concurs-de-cuina-a-1r\/","title":{"rendered":"Gran concurs de cuina a 1r"},"content":{"rendered":"<p>Qu\u00e8 l&#8217;escriptura no t\u00e9 res a veure amb el menjar? Qui ho ha dit aix\u00f2!<\/p>\n<p>A primer hem estat aprenent com s&#8217;escriuen les receptes de cuina; comen\u00e7ant per mirar en llibres de receptes, observant-ne les seves parts, fent-ne a casa, escrivint-ne&#8230;. i per acabar realitzant un gran concurs de cuina per equips!<\/p>\n<p><a href=\"https:\/\/drive.google.com\/drive\/folders\/1kbvc1EH6kqa2YQnbNGYighbOKepuKmvP?usp=sharing\">Aqu\u00ed podreu trobar les fotos del proc\u00e9s i les creacions culin\u00e0ries que hem realitzat.<\/a><\/p>\n<p>A m\u00e9s a m\u00e9s\u00a0 el concurs tamb\u00e9 ha estat \u00fatil per treballar l&#8217;expressi\u00f3 oral, el poder posar-se d&#8217;acord amb els companys, divertir-se i fins i tot per reflexar el resultat en un gr\u00e0fic de barres matem\u00e0tic.<\/p>\n<p>Esperem que vagi de gust!<\/p>\n","protected":false},"excerpt":{"rendered":"<p>Qu\u00e8 l&#8217;escriptura no t\u00e9 res a veure amb el menjar? Qui ho ha dit aix\u00f2!<br \/>\nA primer hem estat aprenent com s&#8217;escriuen les receptes de cuina; comen\u00e7ant per mirar en llibres de receptes, observant-ne les seves parts, fent-ne a casa, escrivint-ne&#8230;. i per acabar realitzant un&hellip;  <a href=\"https:\/\/agora.xtec.cat\/esc-teresabergada\/general\/gran-concurs-de-cuina-a-1r\/\" title=\"Read Gran concurs de cuina a 1r\">Llegeix m\u00e9s\u00bb<\/a><\/p>\n","protected":false},"author":16,"featured_media":4216,"comment_status":"open","ping_status":"closed","sticky":false,"template":"","format":"standard","meta":{"_bbp_topic_count":0,"_bbp_reply_count":0,"_bbp_total_topic_count":0,"_bbp_total_reply_count":0,"_bbp_voice_count":0,"_bbp_anonymous_reply_count":0,"_bbp_topic_count_hidden":0,"_bbp_reply_count_hidden":0,"_bbp_forum_subforum_count":0,"footnotes":""},"categories":[238,1],"tags":[396,135,403,404,254],"class_list":["post-4214","post","type-post","status-publish","format-standard","has-post-thumbnail","hentry","category-3r","category-general","tag-1r","tag-cicle-inicial","tag-la-recepta","tag-llengua-catalana","tag-tipologies-textuals"],"post_mailing_queue_ids":[],"_links":{"self":[{"href":"https:\/\/agora.xtec.cat\/esc-teresabergada\/wp-json\/wp\/v2\/posts\/4214","targetHints":{"allow":["GET"]}}],"collection":[{"href":"https:\/\/agora.xtec.cat\/esc-teresabergada\/wp-json\/wp\/v2\/posts"}],"about":[{"href":"https:\/\/agora.xtec.cat\/esc-teresabergada\/wp-json\/wp\/v2\/types\/post"}],"author":[{"embeddable":true,"href":"https:\/\/agora.xtec.cat\/esc-teresabergada\/wp-json\/wp\/v2\/users\/16"}],"replies":[{"embeddable":true,"href":"https:\/\/agora.xtec.cat\/esc-teresabergada\/wp-json\/wp\/v2\/comments?post=4214"}],"version-history":[{"count":2,"href":"https:\/\/agora.xtec.cat\/esc-teresabergada\/wp-json\/wp\/v2\/posts\/4214\/revisions"}],"predecessor-version":[{"id":4217,"href":"https:\/\/agora.xtec.cat\/esc-teresabergada\/wp-json\/wp\/v2\/posts\/4214\/revisions\/4217"}],"wp:featuredmedia":[{"embeddable":true,"href":"https:\/\/agora.xtec.cat\/esc-teresabergada\/wp-json\/wp\/v2\/media\/4216"}],"wp:attachment":[{"href":"https:\/\/agora.xtec.cat\/esc-teresabergada\/wp-json\/wp\/v2\/media?parent=4214"}],"wp:term":[{"taxonomy":"category","embeddable":true,"href":"https:\/\/agora.xtec.cat\/esc-teresabergada\/wp-json\/wp\/v2\/categories?post=4214"},{"taxonomy":"post_tag","embeddable":true,"href":"https:\/\/agora.xtec.cat\/esc-teresabergada\/wp-json\/wp\/v2\/tags?post=4214"}],"curies":[{"name":"wp","href":"https:\/\/api.w.org\/{rel}","templated":true}]}}