{"id":4175,"date":"2019-02-28T10:09:35","date_gmt":"2019-02-28T09:09:35","guid":{"rendered":"http:\/\/agora.xtec.cat\/esc-teresabergada\/?p=4175"},"modified":"2021-10-06T23:00:59","modified_gmt":"2021-10-06T21:00:59","slug":"presentem-els-projectes-a-les-families-3rb","status":"publish","type":"post","link":"https:\/\/agora.xtec.cat\/esc-teresabergada\/blocs-de-primaria\/6e\/presentem-els-projectes-a-les-families-3rb\/","title":{"rendered":"Presentem el projecte a les fam\u00edlies &#8211; 3rB"},"content":{"rendered":"<p>Benvolgudes fam\u00edlies,<\/p>\n<p>El passat dimarts 26 de febrer us vam exposar el nostre projecte que hem estat treballant al llarg d&#8217;aquests mesos. Tot i els nervis inicials que ten\u00edem ho v\u00e0rem fer molt\u00a0 b\u00e9, i tenim ganes de repetir aquesta experi\u00e8ncia enriquidora l&#8217;any pr\u00f2xim. Aqu\u00ed us deixem el v\u00eddeo amb l&#8217;exposici\u00f3 per a qu\u00e8 la pugueu veure tantes vegades com vulgueu i aix\u00ed sigui un record que perduri molt i molts anys.<\/p>\n<p><iframe loading=\"lazy\" title=\"Projecte 3rB\" width=\"500\" height=\"281\" src=\"https:\/\/www.youtube.com\/embed\/D0xjqVa9G4s?feature=oembed\" frameborder=\"0\" allow=\"accelerometer; autoplay; clipboard-write; encrypted-media; gyroscope; picture-in-picture; web-share\" referrerpolicy=\"strict-origin-when-cross-origin\" allowfullscreen><\/iframe><\/p>\n<p>Qu\u00e8 en penseu del nostre projecte?<\/p>\n<p>&nbsp;<\/p>\n<p>Les i els alumnes de tercer B.<\/p>\n","protected":false},"excerpt":{"rendered":"<p>Benvolgudes fam\u00edlies,<br \/>\nEl passat dimarts 26 de febrer us vam exposar el nostre projecte que hem estat treballant al llarg d&#8217;aquests mesos. Tot i els nervis inicials que ten\u00edem ho v\u00e0rem fer molt\u00a0 b\u00e9, i tenim ganes de repetir aquesta experi\u00e8ncia enriquidora l&#8217;any pr\u00f2xim. Aqu\u00ed us&hellip;  <a href=\"https:\/\/agora.xtec.cat\/esc-teresabergada\/blocs-de-primaria\/6e\/presentem-els-projectes-a-les-families-3rb\/\" title=\"Read Presentem el projecte a les fam\u00edlies &#8211; 3rB\">Llegeix m\u00e9s\u00bb<\/a><\/p>\n","protected":false},"author":28,"featured_media":0,"comment_status":"open","ping_status":"closed","sticky":false,"template":"","format":"standard","meta":{"_bbp_topic_count":0,"_bbp_reply_count":0,"_bbp_total_topic_count":0,"_bbp_total_reply_count":0,"_bbp_voice_count":0,"_bbp_anonymous_reply_count":0,"_bbp_topic_count_hidden":0,"_bbp_reply_count_hidden":0,"_bbp_forum_subforum_count":0,"footnotes":""},"categories":[240,392],"tags":[],"class_list":["post-4175","post","type-post","status-publish","format-standard","hentry","category-6e","category-catalunya"],"post_mailing_queue_ids":[],"_links":{"self":[{"href":"https:\/\/agora.xtec.cat\/esc-teresabergada\/wp-json\/wp\/v2\/posts\/4175","targetHints":{"allow":["GET"]}}],"collection":[{"href":"https:\/\/agora.xtec.cat\/esc-teresabergada\/wp-json\/wp\/v2\/posts"}],"about":[{"href":"https:\/\/agora.xtec.cat\/esc-teresabergada\/wp-json\/wp\/v2\/types\/post"}],"author":[{"embeddable":true,"href":"https:\/\/agora.xtec.cat\/esc-teresabergada\/wp-json\/wp\/v2\/users\/28"}],"replies":[{"embeddable":true,"href":"https:\/\/agora.xtec.cat\/esc-teresabergada\/wp-json\/wp\/v2\/comments?post=4175"}],"version-history":[{"count":3,"href":"https:\/\/agora.xtec.cat\/esc-teresabergada\/wp-json\/wp\/v2\/posts\/4175\/revisions"}],"predecessor-version":[{"id":4180,"href":"https:\/\/agora.xtec.cat\/esc-teresabergada\/wp-json\/wp\/v2\/posts\/4175\/revisions\/4180"}],"wp:attachment":[{"href":"https:\/\/agora.xtec.cat\/esc-teresabergada\/wp-json\/wp\/v2\/media?parent=4175"}],"wp:term":[{"taxonomy":"category","embeddable":true,"href":"https:\/\/agora.xtec.cat\/esc-teresabergada\/wp-json\/wp\/v2\/categories?post=4175"},{"taxonomy":"post_tag","embeddable":true,"href":"https:\/\/agora.xtec.cat\/esc-teresabergada\/wp-json\/wp\/v2\/tags?post=4175"}],"curies":[{"name":"wp","href":"https:\/\/api.w.org\/{rel}","templated":true}]}}