{"id":4169,"date":"2019-02-27T12:13:51","date_gmt":"2019-02-27T11:13:51","guid":{"rendered":"http:\/\/agora.xtec.cat\/esc-teresabergada\/?p=4169"},"modified":"2019-09-27T09:14:06","modified_gmt":"2019-09-27T07:14:06","slug":"projecte-catalunya-4t","status":"publish","type":"post","link":"https:\/\/agora.xtec.cat\/esc-teresabergada\/blocs-de-primaria\/6e\/projecte-catalunya-4t\/","title":{"rendered":"Projecte Catalunya 4t"},"content":{"rendered":"<p>Benvolgudes fam\u00edlies,<\/p>\n<p>El passat dia 25 vam estar molt contents de rebre-us per presentar el nostre projecte de Catalunya.<\/p>\n<p>Aix\u00f2 ens ha perm\u00e8s potenciar les nostres capacitats individuals i desenvolupar habilitats per ser competents i resoldre els reptes que ens plantegin. Tamb\u00e9 treballem sobre viv\u00e8ncies i experi\u00e8ncies reals que ens interessen i motiven.<\/p>\n<p>Els i les alumnes de 4t<\/p>\n<p><iframe loading=\"lazy\" title=\"Projecte 4t\" width=\"500\" height=\"281\" src=\"https:\/\/www.youtube.com\/embed\/pFibpwBFPeg?feature=oembed\" frameborder=\"0\" allow=\"accelerometer; autoplay; clipboard-write; encrypted-media; gyroscope; picture-in-picture; web-share\" referrerpolicy=\"strict-origin-when-cross-origin\" allowfullscreen><\/iframe><\/p>\n<p>&nbsp;<\/p>\n<p>&nbsp;<\/p>\n","protected":false},"excerpt":{"rendered":"<p>Benvolgudes fam\u00edlies,<br \/>\nEl passat dia 25 vam estar molt contents de rebre-us per presentar el nostre projecte de Catalunya.<br \/>\nAix\u00f2 ens ha perm\u00e8s potenciar les nostres capacitats individuals i desenvolupar habilitats per ser competents i resoldre els reptes que ens plantegin. Tamb\u00e9 treballem sobre viv\u00e8ncies i experi\u00e8ncies&hellip;  <a href=\"https:\/\/agora.xtec.cat\/esc-teresabergada\/blocs-de-primaria\/6e\/projecte-catalunya-4t\/\" title=\"Read Projecte Catalunya 4t\">Llegeix m\u00e9s\u00bb<\/a><\/p>\n","protected":false},"author":14,"featured_media":0,"comment_status":"open","ping_status":"closed","sticky":false,"template":"","format":"standard","meta":{"_bbp_topic_count":0,"_bbp_reply_count":0,"_bbp_total_topic_count":0,"_bbp_total_reply_count":0,"_bbp_voice_count":0,"_bbp_anonymous_reply_count":0,"_bbp_topic_count_hidden":0,"_bbp_reply_count_hidden":0,"_bbp_forum_subforum_count":0,"footnotes":""},"categories":[240,392],"tags":[],"class_list":["post-4169","post","type-post","status-publish","format-standard","hentry","category-6e","category-catalunya"],"post_mailing_queue_ids":[],"_links":{"self":[{"href":"https:\/\/agora.xtec.cat\/esc-teresabergada\/wp-json\/wp\/v2\/posts\/4169","targetHints":{"allow":["GET"]}}],"collection":[{"href":"https:\/\/agora.xtec.cat\/esc-teresabergada\/wp-json\/wp\/v2\/posts"}],"about":[{"href":"https:\/\/agora.xtec.cat\/esc-teresabergada\/wp-json\/wp\/v2\/types\/post"}],"author":[{"embeddable":true,"href":"https:\/\/agora.xtec.cat\/esc-teresabergada\/wp-json\/wp\/v2\/users\/14"}],"replies":[{"embeddable":true,"href":"https:\/\/agora.xtec.cat\/esc-teresabergada\/wp-json\/wp\/v2\/comments?post=4169"}],"version-history":[{"count":3,"href":"https:\/\/agora.xtec.cat\/esc-teresabergada\/wp-json\/wp\/v2\/posts\/4169\/revisions"}],"predecessor-version":[{"id":4173,"href":"https:\/\/agora.xtec.cat\/esc-teresabergada\/wp-json\/wp\/v2\/posts\/4169\/revisions\/4173"}],"wp:attachment":[{"href":"https:\/\/agora.xtec.cat\/esc-teresabergada\/wp-json\/wp\/v2\/media?parent=4169"}],"wp:term":[{"taxonomy":"category","embeddable":true,"href":"https:\/\/agora.xtec.cat\/esc-teresabergada\/wp-json\/wp\/v2\/categories?post=4169"},{"taxonomy":"post_tag","embeddable":true,"href":"https:\/\/agora.xtec.cat\/esc-teresabergada\/wp-json\/wp\/v2\/tags?post=4169"}],"curies":[{"name":"wp","href":"https:\/\/api.w.org\/{rel}","templated":true}]}}