{"id":4148,"date":"2019-02-25T09:58:03","date_gmt":"2019-02-25T08:58:03","guid":{"rendered":"http:\/\/agora.xtec.cat\/esc-teresabergada\/?p=4148"},"modified":"2020-09-09T21:57:47","modified_gmt":"2020-09-09T19:57:47","slug":"tallers-de-lectura-treballem-la-lectura-expressiva","status":"publish","type":"post","link":"https:\/\/agora.xtec.cat\/esc-teresabergada\/general\/tallers-de-lectura-treballem-la-lectura-expressiva\/","title":{"rendered":"Tallers de lectura: treballem la lectura expressiva"},"content":{"rendered":"<p>Com arribem a ser bons lectors?<\/p>\n<p>A l&#8217;escola aprenem a llegir des de diferents vessants i en els tallers de lectura aprenem a ser bons lectors tot posant \u00e8mfasi a l&#8217;expressi\u00f3, \u00e9s a dir, no llegir per llegir sin\u00f3 llegir per transmetre als altres all\u00f2 que estem explicant. Cada setmana ens preparem un petit text que hem elegit nosaltres mateixos i el divendres ho llegim davant dels nostres companys i companyes per a mostrar-los-hi tot all\u00f2 que hem estat treballant. Alhora, ells i elles ens avaluen segons com ho estem fent!<\/p>\n<p>Ha estat una experi\u00e8ncia nova i que ens ha sorpr\u00e8s positivament! Seguirem treballant-ho aquest trimestre!<\/p>\n<p>Serieu capa\u00e7os de fer-ho tant b\u00e9 com nosaltres?<\/p>\n<p>&nbsp;<\/p>\n<p>Cicle mitj\u00e0<\/p>\n<p>&nbsp;<\/p>\n<p><a href=\"https:\/\/agora.xtec.cat\/esc-teresabergada\/wp-content\/uploads\/usu1533\/2019\/02\/IMG_5954-1.jpg\"><img loading=\"lazy\" decoding=\"async\" class=\"aligncenter size-large wp-image-4152\" src=\"https:\/\/agora.xtec.cat\/esc-teresabergada\/wp-content\/uploads\/usu1533\/2019\/02\/IMG_5954-1-768x1024.jpg\" alt=\"\" width=\"768\" height=\"1024\" srcset=\"https:\/\/agora.xtec.cat\/esc-teresabergada\/wp-content\/uploads\/usu1533\/2019\/02\/IMG_5954-1-768x1024.jpg 768w, https:\/\/agora.xtec.cat\/esc-teresabergada\/wp-content\/uploads\/usu1533\/2019\/02\/IMG_5954-1-225x300.jpg 225w, https:\/\/agora.xtec.cat\/esc-teresabergada\/wp-content\/uploads\/usu1533\/2019\/02\/IMG_5954-1.jpg 1512w\" sizes=\"auto, (max-width: 768px) 100vw, 768px\" \/><\/a> <a href=\"https:\/\/agora.xtec.cat\/esc-teresabergada\/wp-content\/uploads\/usu1533\/2019\/02\/IMG_5889-1.jpg\"><img loading=\"lazy\" decoding=\"async\" class=\"aligncenter size-large wp-image-4153\" src=\"https:\/\/agora.xtec.cat\/esc-teresabergada\/wp-content\/uploads\/usu1533\/2019\/02\/IMG_5889-1-768x1024.jpg\" alt=\"\" width=\"768\" height=\"1024\" \/><\/a> <a href=\"https:\/\/agora.xtec.cat\/esc-teresabergada\/wp-content\/uploads\/usu1533\/2019\/02\/IMG_5891-1.jpg\"><img loading=\"lazy\" decoding=\"async\" class=\"aligncenter size-large wp-image-4154\" src=\"https:\/\/agora.xtec.cat\/esc-teresabergada\/wp-content\/uploads\/usu1533\/2019\/02\/IMG_5891-1-768x1024.jpg\" alt=\"\" width=\"768\" height=\"1024\" \/><\/a><\/p>\n","protected":false},"excerpt":{"rendered":"<p>Com arribem a ser bons lectors?<br \/>\nA l&#8217;escola aprenem a llegir des de diferents vessants i en els tallers de lectura aprenem a ser bons lectors tot posant \u00e8mfasi a l&#8217;expressi\u00f3, \u00e9s a dir, no llegir per llegir sin\u00f3 llegir per transmetre als altres all\u00f2 que&hellip;  <a href=\"https:\/\/agora.xtec.cat\/esc-teresabergada\/general\/tallers-de-lectura-treballem-la-lectura-expressiva\/\" title=\"Read Tallers de lectura: treballem la lectura expressiva\">Llegeix m\u00e9s\u00bb<\/a><\/p>\n","protected":false},"author":28,"featured_media":0,"comment_status":"open","ping_status":"closed","sticky":false,"template":"","format":"standard","meta":{"_bbp_topic_count":0,"_bbp_reply_count":0,"_bbp_total_topic_count":0,"_bbp_total_reply_count":0,"_bbp_voice_count":0,"_bbp_anonymous_reply_count":0,"_bbp_topic_count_hidden":0,"_bbp_reply_count_hidden":0,"_bbp_forum_subforum_count":0,"footnotes":""},"categories":[349,240,1],"tags":[333,257,223,63],"class_list":["post-4148","post","type-post","status-publish","format-standard","hentry","category-5e","category-6e","category-general","tag-aprenentatge-significatiu","tag-cicle-mijta","tag-expressio-oral","tag-lectura"],"post_mailing_queue_ids":[],"_links":{"self":[{"href":"https:\/\/agora.xtec.cat\/esc-teresabergada\/wp-json\/wp\/v2\/posts\/4148","targetHints":{"allow":["GET"]}}],"collection":[{"href":"https:\/\/agora.xtec.cat\/esc-teresabergada\/wp-json\/wp\/v2\/posts"}],"about":[{"href":"https:\/\/agora.xtec.cat\/esc-teresabergada\/wp-json\/wp\/v2\/types\/post"}],"author":[{"embeddable":true,"href":"https:\/\/agora.xtec.cat\/esc-teresabergada\/wp-json\/wp\/v2\/users\/28"}],"replies":[{"embeddable":true,"href":"https:\/\/agora.xtec.cat\/esc-teresabergada\/wp-json\/wp\/v2\/comments?post=4148"}],"version-history":[{"count":2,"href":"https:\/\/agora.xtec.cat\/esc-teresabergada\/wp-json\/wp\/v2\/posts\/4148\/revisions"}],"predecessor-version":[{"id":4156,"href":"https:\/\/agora.xtec.cat\/esc-teresabergada\/wp-json\/wp\/v2\/posts\/4148\/revisions\/4156"}],"wp:attachment":[{"href":"https:\/\/agora.xtec.cat\/esc-teresabergada\/wp-json\/wp\/v2\/media?parent=4148"}],"wp:term":[{"taxonomy":"category","embeddable":true,"href":"https:\/\/agora.xtec.cat\/esc-teresabergada\/wp-json\/wp\/v2\/categories?post=4148"},{"taxonomy":"post_tag","embeddable":true,"href":"https:\/\/agora.xtec.cat\/esc-teresabergada\/wp-json\/wp\/v2\/tags?post=4148"}],"curies":[{"name":"wp","href":"https:\/\/api.w.org\/{rel}","templated":true}]}}