{"id":4142,"date":"2019-02-24T14:08:12","date_gmt":"2019-02-24T13:08:12","guid":{"rendered":"http:\/\/agora.xtec.cat\/esc-teresabergada\/?p=4142"},"modified":"2020-09-08T05:19:23","modified_gmt":"2020-09-08T03:19:23","slug":"caixa-de-la-vida-de-lanais","status":"publish","type":"post","link":"https:\/\/agora.xtec.cat\/esc-teresabergada\/infantil\/caixa-de-la-vida-de-lanais\/","title":{"rendered":"Caixa de la vida de l&#8217;ANA\u00cfS"},"content":{"rendered":"<p>L&#8217;Ana\u00efs junt amb la seva mare i el seu germ\u00e0 Gerai, ens han ensenyat la seva caixa de la vida, on hi havia:\u00a0 \u00a0 \u00a0 \u00a0 \u00a0 \u00a0 \u00a0 \u00a0 \u00a0Un xumet, un mocador per anar dormir, un gorro i la primera nina que va tenir.<\/p>\n<p>El seu germ\u00e0 ens ha mostrar en una tablet un video com la seva pradrina li regalava la nina. Ha estat molt emocionat veure&#8217;l.<\/p>\n<p>Gr\u00e0cies per compartir aquests tresors amb nosaltres.<\/p>\n<p>Per veure m\u00e9s fotografies cliqueu a la foto<\/p>\n<figure class=\"figure wp-caption alignnone\"><a href=\"https:\/\/photos.app.goo.gl\/Jdv2B574NbYwxuPQ9\"><img loading=\"lazy\" decoding=\"async\" class=\"size-medium wp-image-4143\" src=\"https:\/\/agora.xtec.cat\/esc-teresabergada\/wp-content\/uploads\/usu1533\/2019\/02\/IMG_20190117_092641-300x225.jpg\" alt=\"\" width=\"300\" height=\"225\" \/><\/a><figcaption class=\"wp-caption-text\">\u008c<\/figcaption><\/figure>\n<p>&nbsp;<\/p>\n","protected":false},"excerpt":{"rendered":"<p>L&#8217;Ana\u00efs junt amb la seva mare i el seu germ\u00e0 Gerai, ens han ensenyat la seva caixa de la vida, on hi havia:\u00a0 \u00a0 \u00a0 \u00a0 \u00a0 \u00a0 \u00a0 \u00a0 \u00a0Un xumet, un mocador per anar dormir, un gorro i la primera nina que va&hellip;  <a href=\"https:\/\/agora.xtec.cat\/esc-teresabergada\/infantil\/caixa-de-la-vida-de-lanais\/\" title=\"Read Caixa de la vida de l&#8217;ANA\u00cfS\">Llegeix m\u00e9s\u00bb<\/a><\/p>\n","protected":false},"author":1,"featured_media":0,"comment_status":"open","ping_status":"closed","sticky":false,"template":"","format":"standard","meta":{"_bbp_topic_count":0,"_bbp_reply_count":0,"_bbp_total_topic_count":0,"_bbp_total_reply_count":0,"_bbp_voice_count":0,"_bbp_anonymous_reply_count":0,"_bbp_topic_count_hidden":0,"_bbp_reply_count_hidden":0,"_bbp_forum_subforum_count":0,"footnotes":""},"categories":[251,2],"tags":[],"class_list":["post-4142","post","type-post","status-publish","format-standard","hentry","category-i5","category-infantil"],"post_mailing_queue_ids":[],"_links":{"self":[{"href":"https:\/\/agora.xtec.cat\/esc-teresabergada\/wp-json\/wp\/v2\/posts\/4142","targetHints":{"allow":["GET"]}}],"collection":[{"href":"https:\/\/agora.xtec.cat\/esc-teresabergada\/wp-json\/wp\/v2\/posts"}],"about":[{"href":"https:\/\/agora.xtec.cat\/esc-teresabergada\/wp-json\/wp\/v2\/types\/post"}],"author":[{"embeddable":true,"href":"https:\/\/agora.xtec.cat\/esc-teresabergada\/wp-json\/wp\/v2\/users\/1"}],"replies":[{"embeddable":true,"href":"https:\/\/agora.xtec.cat\/esc-teresabergada\/wp-json\/wp\/v2\/comments?post=4142"}],"version-history":[{"count":2,"href":"https:\/\/agora.xtec.cat\/esc-teresabergada\/wp-json\/wp\/v2\/posts\/4142\/revisions"}],"predecessor-version":[{"id":4281,"href":"https:\/\/agora.xtec.cat\/esc-teresabergada\/wp-json\/wp\/v2\/posts\/4142\/revisions\/4281"}],"wp:attachment":[{"href":"https:\/\/agora.xtec.cat\/esc-teresabergada\/wp-json\/wp\/v2\/media?parent=4142"}],"wp:term":[{"taxonomy":"category","embeddable":true,"href":"https:\/\/agora.xtec.cat\/esc-teresabergada\/wp-json\/wp\/v2\/categories?post=4142"},{"taxonomy":"post_tag","embeddable":true,"href":"https:\/\/agora.xtec.cat\/esc-teresabergada\/wp-json\/wp\/v2\/tags?post=4142"}],"curies":[{"name":"wp","href":"https:\/\/api.w.org\/{rel}","templated":true}]}}