{"id":4101,"date":"2019-02-21T21:39:43","date_gmt":"2019-02-21T20:39:43","guid":{"rendered":"http:\/\/agora.xtec.cat\/esc-teresabergada\/?p=4101"},"modified":"2019-09-27T18:13:15","modified_gmt":"2019-09-27T16:13:15","slug":"una-tarda-dart-carteres-fetes-amb-comics","status":"publish","type":"post","link":"https:\/\/agora.xtec.cat\/esc-teresabergada\/blocs-de-primaria\/5e\/una-tarda-dart-carteres-fetes-amb-comics\/","title":{"rendered":"Una tarda d\u00b4art: CARTERES FETES AMB C\u00d2MICS"},"content":{"rendered":"<p>Enlla\u00e7ant amb el treball de tipologies textuals que estem treballant a 3r. aquesta tarda hem fet unes carteres amb les contraportades de la revista Cavall Fort.<br \/>\nHem gaudit d\u00b4all\u00f2 m\u00e9s i tenim unes carteres originals i \u00faniques per posar-hi tot tipus de coses : cromos, material escolar&#8230;<\/p>\n<p>US ANIMEU DES DE CASA A FER-NE UNA?<\/p>\n<p><a href=\"https:\/\/agora.xtec.cat\/esc-teresabergada\/wp-content\/uploads\/usu1533\/2019\/02\/PHOTO-2019-02-21-20-32-34.jpg\"><img loading=\"lazy\" decoding=\"async\" class=\"aligncenter wp-image-4097\" src=\"https:\/\/agora.xtec.cat\/esc-teresabergada\/wp-content\/uploads\/usu1533\/2019\/02\/PHOTO-2019-02-21-20-32-34-768x1024.jpg\" alt=\"\" width=\"217\" height=\"290\" \/><\/a><\/p>\n<p><a href=\"https:\/\/agora.xtec.cat\/esc-teresabergada\/wp-content\/uploads\/usu1533\/2019\/02\/PHOTO-2019-02-21-20-32-42.jpg\"><img loading=\"lazy\" decoding=\"async\" class=\"wp-image-4098 aligncenter\" src=\"https:\/\/agora.xtec.cat\/esc-teresabergada\/wp-content\/uploads\/usu1533\/2019\/02\/PHOTO-2019-02-21-20-32-42-1024x768.jpg\" alt=\"\" width=\"280\" height=\"210\" \/><\/a><\/p>\n<p><a href=\"https:\/\/agora.xtec.cat\/esc-teresabergada\/wp-content\/uploads\/usu1533\/2019\/02\/PHOTO-2019-02-21-20-32-45-2.jpg\"><img loading=\"lazy\" decoding=\"async\" class=\"wp-image-4099 aligncenter\" src=\"https:\/\/agora.xtec.cat\/esc-teresabergada\/wp-content\/uploads\/usu1533\/2019\/02\/PHOTO-2019-02-21-20-32-45-2-1024x768.jpg\" alt=\"\" width=\"283\" height=\"212\" \/><\/a><\/p>\n","protected":false},"excerpt":{"rendered":"<p>Enlla\u00e7ant amb el treball de tipologies textuals que estem treballant a 3r. aquesta tarda hem fet unes carteres amb les contraportades de la revista Cavall Fort.<br \/>\nHem gaudit d\u00b4all\u00f2 m\u00e9s i tenim unes carteres originals i \u00faniques per posar-hi tot tipus de coses : cromos, material&hellip;  <a href=\"https:\/\/agora.xtec.cat\/esc-teresabergada\/blocs-de-primaria\/5e\/una-tarda-dart-carteres-fetes-amb-comics\/\" title=\"Read Una tarda d\u00b4art: CARTERES FETES AMB C\u00d2MICS\">Llegeix m\u00e9s\u00bb<\/a><\/p>\n","protected":false},"author":24,"featured_media":0,"comment_status":"open","ping_status":"closed","sticky":false,"template":"","format":"standard","meta":{"_bbp_topic_count":0,"_bbp_reply_count":0,"_bbp_total_topic_count":0,"_bbp_total_reply_count":0,"_bbp_voice_count":0,"_bbp_anonymous_reply_count":0,"_bbp_topic_count_hidden":0,"_bbp_reply_count_hidden":0,"_bbp_forum_subforum_count":0,"footnotes":""},"categories":[349],"tags":[],"class_list":["post-4101","post","type-post","status-publish","format-standard","hentry","category-5e"],"post_mailing_queue_ids":[],"_links":{"self":[{"href":"https:\/\/agora.xtec.cat\/esc-teresabergada\/wp-json\/wp\/v2\/posts\/4101","targetHints":{"allow":["GET"]}}],"collection":[{"href":"https:\/\/agora.xtec.cat\/esc-teresabergada\/wp-json\/wp\/v2\/posts"}],"about":[{"href":"https:\/\/agora.xtec.cat\/esc-teresabergada\/wp-json\/wp\/v2\/types\/post"}],"author":[{"embeddable":true,"href":"https:\/\/agora.xtec.cat\/esc-teresabergada\/wp-json\/wp\/v2\/users\/24"}],"replies":[{"embeddable":true,"href":"https:\/\/agora.xtec.cat\/esc-teresabergada\/wp-json\/wp\/v2\/comments?post=4101"}],"version-history":[{"count":3,"href":"https:\/\/agora.xtec.cat\/esc-teresabergada\/wp-json\/wp\/v2\/posts\/4101\/revisions"}],"predecessor-version":[{"id":4109,"href":"https:\/\/agora.xtec.cat\/esc-teresabergada\/wp-json\/wp\/v2\/posts\/4101\/revisions\/4109"}],"wp:attachment":[{"href":"https:\/\/agora.xtec.cat\/esc-teresabergada\/wp-json\/wp\/v2\/media?parent=4101"}],"wp:term":[{"taxonomy":"category","embeddable":true,"href":"https:\/\/agora.xtec.cat\/esc-teresabergada\/wp-json\/wp\/v2\/categories?post=4101"},{"taxonomy":"post_tag","embeddable":true,"href":"https:\/\/agora.xtec.cat\/esc-teresabergada\/wp-json\/wp\/v2\/tags?post=4101"}],"curies":[{"name":"wp","href":"https:\/\/api.w.org\/{rel}","templated":true}]}}