{"id":4028,"date":"2019-02-14T09:32:55","date_gmt":"2019-02-14T08:32:55","guid":{"rendered":"http:\/\/agora.xtec.cat\/esc-teresabergada\/?p=4028"},"modified":"2020-09-08T05:19:52","modified_gmt":"2020-09-08T03:19:52","slug":"estones-en-familia-conte-experiments","status":"publish","type":"post","link":"https:\/\/agora.xtec.cat\/esc-teresabergada\/infantil\/i5\/estones-en-familia-conte-experiments\/","title":{"rendered":"Estones en fam\u00edlia: conte, experiments&#8230;"},"content":{"rendered":"<p>El Pau i la Judith, la seva mare, ens han explicat el conte de: l\u00b4 &#8220;Elmer i l\u00b4arc de Sant Mart\u00ed&#8221;, ens ha agradat molt\u00edssim.La seva moralina ens ha arribat al cor: &#8221; hi ha coses que per molt que en reparteixis, sempre en tens; com l\u00b4alegria, l\u00b4amor&#8230;<\/p>\n<p>Despr\u00e9s del conte, hem fet l\u00b4experiment de fer l\u00b4arc de sant Mart\u00ed. Hem jugat amb la densitat de diferents l\u00edquids que col.locats estrat\u00e8gicament han fet l\u00b4efecte dels colors de l\u00b4arc de Sant Mart\u00ed.<\/p>\n<p>Tot seguit us deixem el link del v\u00eddeo per si voleu fer l\u00b4experiment a casa:<\/p>\n<p>https:\/\/www.guiainfantil.com\/articulos\/ocio\/manualidades\/como-hacer-un-arco-iris-liquido-experimento-infantil\/<\/p>\n<p>Paral.lelament, si cliqueu en aquest collage veureu un petit recull audiovisual de la sessi\u00f3.<\/p>\n<p><a href=\"https:\/\/www.youtube.com\/watch?v=4Hz4R4J1Kp0\"><img loading=\"lazy\" decoding=\"async\" class=\"alignnone size-large wp-image-4029\" src=\"https:\/\/agora.xtec.cat\/esc-teresabergada\/wp-content\/uploads\/usu1533\/2019\/02\/A-life-without-love-is-like-a-year-without-summer.-1024x1024.jpg\" alt=\"\" width=\"1024\" height=\"1024\" \/><\/a><\/p>\n<p>Ara continuarem estirant el fil d\u00b4ariadna i intentarem investigar perqu\u00e8 no es barregen els l\u00edquids&#8230;<\/p>\n<p>Gr\u00e0cies fam\u00edlia per compartir aquestes activitats amb nosaltres !<\/p>\n","protected":false},"excerpt":{"rendered":"<p>El Pau i la Judith, la seva mare, ens han explicat el conte de: l\u00b4 &#8220;Elmer i l\u00b4arc de Sant Mart\u00ed&#8221;, ens ha agradat molt\u00edssim.La seva moralina ens ha arribat al cor: &#8221; hi ha coses que per molt que en reparteixis, sempre en tens;&hellip;  <a href=\"https:\/\/agora.xtec.cat\/esc-teresabergada\/infantil\/i5\/estones-en-familia-conte-experiments\/\" title=\"Read Estones en fam\u00edlia: conte, experiments&#8230;\">Llegeix m\u00e9s\u00bb<\/a><\/p>\n","protected":false},"author":1,"featured_media":0,"comment_status":"open","ping_status":"closed","sticky":false,"template":"","format":"standard","meta":{"_bbp_topic_count":0,"_bbp_reply_count":0,"_bbp_total_topic_count":0,"_bbp_total_reply_count":0,"_bbp_voice_count":0,"_bbp_anonymous_reply_count":0,"_bbp_topic_count_hidden":0,"_bbp_reply_count_hidden":0,"_bbp_forum_subforum_count":0,"footnotes":""},"categories":[251],"tags":[121,70,124],"class_list":["post-4028","post","type-post","status-publish","format-standard","hentry","category-i5","tag-educacio-infantil","tag-projecte","tag-projectes"],"post_mailing_queue_ids":[],"_links":{"self":[{"href":"https:\/\/agora.xtec.cat\/esc-teresabergada\/wp-json\/wp\/v2\/posts\/4028","targetHints":{"allow":["GET"]}}],"collection":[{"href":"https:\/\/agora.xtec.cat\/esc-teresabergada\/wp-json\/wp\/v2\/posts"}],"about":[{"href":"https:\/\/agora.xtec.cat\/esc-teresabergada\/wp-json\/wp\/v2\/types\/post"}],"author":[{"embeddable":true,"href":"https:\/\/agora.xtec.cat\/esc-teresabergada\/wp-json\/wp\/v2\/users\/1"}],"replies":[{"embeddable":true,"href":"https:\/\/agora.xtec.cat\/esc-teresabergada\/wp-json\/wp\/v2\/comments?post=4028"}],"version-history":[{"count":1,"href":"https:\/\/agora.xtec.cat\/esc-teresabergada\/wp-json\/wp\/v2\/posts\/4028\/revisions"}],"predecessor-version":[{"id":4030,"href":"https:\/\/agora.xtec.cat\/esc-teresabergada\/wp-json\/wp\/v2\/posts\/4028\/revisions\/4030"}],"wp:attachment":[{"href":"https:\/\/agora.xtec.cat\/esc-teresabergada\/wp-json\/wp\/v2\/media?parent=4028"}],"wp:term":[{"taxonomy":"category","embeddable":true,"href":"https:\/\/agora.xtec.cat\/esc-teresabergada\/wp-json\/wp\/v2\/categories?post=4028"},{"taxonomy":"post_tag","embeddable":true,"href":"https:\/\/agora.xtec.cat\/esc-teresabergada\/wp-json\/wp\/v2\/tags?post=4028"}],"curies":[{"name":"wp","href":"https:\/\/api.w.org\/{rel}","templated":true}]}}