{"id":3989,"date":"2019-02-06T23:34:25","date_gmt":"2019-02-06T22:34:25","guid":{"rendered":"http:\/\/agora.xtec.cat\/esc-teresabergada\/?p=3989"},"modified":"2020-09-09T21:55:10","modified_gmt":"2020-09-09T19:55:10","slug":"finalitzem-el-projecte-el-meu-poble","status":"publish","type":"post","link":"https:\/\/agora.xtec.cat\/esc-teresabergada\/blocs-de-primaria\/3r\/finalitzem-el-projecte-el-meu-poble\/","title":{"rendered":"FINALITZEM EL PROJECTE: EL MEU POBLE"},"content":{"rendered":"<p>El lloc on vivim, on anem a l&#8217;escola, on anem a comprar&#8230; \u00e9s un lloc ple d&#8217;oportunitats per aprendre. Els alumnes de primer hem treballat el projecte: &#8220;El meu poble&#8221; des que vam iniciar el curs.<\/p>\n<p>Basant-nos en el que els alumnes coneixen i en all\u00f2 que tenen curiositat per saber, hem anat incorporant activitats de molts tipus: recerca d&#8217;informacions, entrevistes, realitzaci\u00f3 de rodolins, b\u00fasqueda de paraules clau, jocs online, lectura de correus electr\u00f2nics,\u00a0 dibuix d&#8217; itineraris, localitzaci\u00f3 dins dels mapes, etc, sempre buscant diversitat d&#8217;agrupaments: en parella, petit grup, grup de treball cooperatiu, gran grup i tamb\u00e9 tasques m\u00e9s individuals, ja que totes les paraules entre iguals, experi\u00e8ncies i pr\u00e0ctiques compartides, aix\u00ed com el temps de reflexi\u00f3 individual,\u00a0 ajuden a anar incorporant a la motxilla de l&#8217;aprenentatge, una manera de treballar i de resoldre problemes que contribueixen a fer-nos cada dia una mica m\u00e9s grans.<\/p>\n<p>L&#8217;activitat final del projecte ha estat la de fer un itinerari pel nostre poble<span style=\"font-family: inherit;font-size: 1em\">\u00a0i publicar-lo al <a href=\"https:\/\/www.google.com\/maps\/d\/u\/0\/edit?hl=ca&amp;mid=15_pthubHyfTEPoZcicQzxLyG9xlw_sDw&amp;ll=41.73422494441154%2C0.5672988500000429&amp;z=15\">GOOGLE MAPS<\/a>. Seguint-lo anirem visitant els espais m\u00e9s representatius de la vila i on tamb\u00e9 hi ha unes petites explicacions informant sobre el lloc on ens trobem. A m\u00e9s tamb\u00e9 es realitzar\u00e0 la publicaci\u00f3 a la revista &#8220;Cercavila&#8221; d&#8217;aquesta activitat per fer-la servir com un servei que tothom qui vulgui, pugui utilitzar.<\/span><\/p>\n<p><a href=\"https:\/\/photos.google.com\/u\/2\/share\/AF1QipNH9mF89ORM00YGTiwYFpQD3NhuKX2ryye44NwAEeZnv-q7GOj1fkx2D-2E2YzjTg?key=bUcydkZTREV1ZXBsUkUzbk1JVUVIOTI0RGxueTV3\">A continuaci\u00f3 hi ha un recull de fotografies on podreu veure una mica algunes de les activitats realitzades.<\/a><\/p>\n<p>Esperem que us agradi!<\/p>\n","protected":false},"excerpt":{"rendered":"<p>El lloc on vivim, on anem a l&#8217;escola, on anem a comprar&#8230; \u00e9s un lloc ple d&#8217;oportunitats per aprendre. Els alumnes de primer hem treballat el projecte: &#8220;El meu poble&#8221; des que vam iniciar el curs.<br \/>\nBasant-nos en el que els alumnes coneixen i en all\u00f2&hellip;  <a href=\"https:\/\/agora.xtec.cat\/esc-teresabergada\/blocs-de-primaria\/3r\/finalitzem-el-projecte-el-meu-poble\/\" title=\"Read FINALITZEM EL PROJECTE: EL MEU POBLE\">Llegeix m\u00e9s\u00bb<\/a><\/p>\n","protected":false},"author":16,"featured_media":3995,"comment_status":"open","ping_status":"closed","sticky":false,"template":"","format":"standard","meta":{"_bbp_topic_count":0,"_bbp_reply_count":0,"_bbp_total_topic_count":0,"_bbp_total_reply_count":0,"_bbp_voice_count":0,"_bbp_anonymous_reply_count":0,"_bbp_topic_count_hidden":0,"_bbp_reply_count_hidden":0,"_bbp_forum_subforum_count":0,"footnotes":""},"categories":[238],"tags":[396,61,135,354,172,70],"class_list":["post-3989","post","type-post","status-publish","format-standard","has-post-thumbnail","hentry","category-3r","tag-1r","tag-activitats","tag-cicle-inicial","tag-el-meu-poble","tag-medi","tag-projecte"],"post_mailing_queue_ids":[],"_links":{"self":[{"href":"https:\/\/agora.xtec.cat\/esc-teresabergada\/wp-json\/wp\/v2\/posts\/3989","targetHints":{"allow":["GET"]}}],"collection":[{"href":"https:\/\/agora.xtec.cat\/esc-teresabergada\/wp-json\/wp\/v2\/posts"}],"about":[{"href":"https:\/\/agora.xtec.cat\/esc-teresabergada\/wp-json\/wp\/v2\/types\/post"}],"author":[{"embeddable":true,"href":"https:\/\/agora.xtec.cat\/esc-teresabergada\/wp-json\/wp\/v2\/users\/16"}],"replies":[{"embeddable":true,"href":"https:\/\/agora.xtec.cat\/esc-teresabergada\/wp-json\/wp\/v2\/comments?post=3989"}],"version-history":[{"count":4,"href":"https:\/\/agora.xtec.cat\/esc-teresabergada\/wp-json\/wp\/v2\/posts\/3989\/revisions"}],"predecessor-version":[{"id":4011,"href":"https:\/\/agora.xtec.cat\/esc-teresabergada\/wp-json\/wp\/v2\/posts\/3989\/revisions\/4011"}],"wp:featuredmedia":[{"embeddable":true,"href":"https:\/\/agora.xtec.cat\/esc-teresabergada\/wp-json\/wp\/v2\/media\/3995"}],"wp:attachment":[{"href":"https:\/\/agora.xtec.cat\/esc-teresabergada\/wp-json\/wp\/v2\/media?parent=3989"}],"wp:term":[{"taxonomy":"category","embeddable":true,"href":"https:\/\/agora.xtec.cat\/esc-teresabergada\/wp-json\/wp\/v2\/categories?post=3989"},{"taxonomy":"post_tag","embeddable":true,"href":"https:\/\/agora.xtec.cat\/esc-teresabergada\/wp-json\/wp\/v2\/tags?post=3989"}],"curies":[{"name":"wp","href":"https:\/\/api.w.org\/{rel}","templated":true}]}}