{"id":3988,"date":"2019-02-06T19:52:17","date_gmt":"2019-02-06T18:52:17","guid":{"rendered":"http:\/\/agora.xtec.cat\/esc-teresabergada\/?p=3988"},"modified":"2019-02-07T07:42:02","modified_gmt":"2019-02-07T06:42:02","slug":"les-piles-al-planeta-reciclatge","status":"publish","type":"post","link":"https:\/\/agora.xtec.cat\/esc-teresabergada\/portada\/les-piles-al-planeta-reciclatge\/","title":{"rendered":"Les piles al planeta Reciclatge"},"content":{"rendered":"<p style=\"text-align: justify;\">Benvolguts\/des fam\u00edlies<\/p>\n<p>Abans de res compartir amb vosaltres la informaci\u00f3 del seg\u00fcent certificat i agrair-vos a totes i tots aquesta gran proesa:<\/p>\n<p><a href=\"https:\/\/agora.xtec.cat\/esc-teresabergada\/wp-content\/uploads\/usu1533\/2019\/02\/image-2019-02-06.jpg\"><img loading=\"lazy\" decoding=\"async\" class=\"alignnone size-large wp-image-3990\" src=\"https:\/\/agora.xtec.cat\/esc-teresabergada\/wp-content\/uploads\/usu1533\/2019\/02\/image-2019-02-06-1024x719.jpg\" alt=\"\" width=\"1024\" height=\"719\" srcset=\"https:\/\/agora.xtec.cat\/esc-teresabergada\/wp-content\/uploads\/usu1533\/2019\/02\/image-2019-02-06-1024x719.jpg 1024w, https:\/\/agora.xtec.cat\/esc-teresabergada\/wp-content\/uploads\/usu1533\/2019\/02\/image-2019-02-06-300x211.jpg 300w, https:\/\/agora.xtec.cat\/esc-teresabergada\/wp-content\/uploads\/usu1533\/2019\/02\/image-2019-02-06-768x539.jpg 768w, https:\/\/agora.xtec.cat\/esc-teresabergada\/wp-content\/uploads\/usu1533\/2019\/02\/image-2019-02-06.jpg 1279w\" sizes=\"auto, (max-width: 1024px) 100vw, 1024px\" \/><\/a><\/p>\n<p style=\"text-align: justify;\">Continuant amb el \u201c<strong>Projecte de Reduir, reciclar i reutilitzar\u201d<\/strong>que es porta a terme des del centre i enguany en col\u00b7laboraci\u00f3 amb la recollida \u201cPORTA A PORTA\u201d que es realitza a la localitat.<\/p>\n<p style=\"text-align: justify;\"><strong>Per segon any, realitzem la recollida de piles i participem en el concurs APILO del que us fem arribar la informaci\u00f3.<\/strong><\/p>\n<p><strong>(<span style=\"text-decoration: underline;\">cliqueu al seg\u00fcent enlla\u00e7 per participar-hi:<\/span>\u00a0<a href=\"http:\/\/www.apilo.cat\/nou-concurs\/\" target=\"_blank\" rel=\"noopener\">http:\/\/www.apilo.cat\/nou-concurs\/<\/a>)<\/strong><\/p>\n<p style=\"text-align: justify;\">La normativa europea i estatal estableix que a partir de l\u2019any 2015 s\u2019ha de recollir un 45% de les piles i acumuladors port\u00e0tils que surten al mercat. Actualment a Catalunya nom\u00e9s recollim el 34%. Per tant, per complir amb la normativa hem d\u2019incrementar la recollida selectiva de piles de forma significativa. Per aquest motiu, \u00e9s molt important la participaci\u00f3 de totes i cadascuna de les escoles.<\/p>\n<p style=\"text-align: justify;\"><strong>El concurs finalitzar\u00e0 el dia 8 de maig de 2019.<\/strong><\/p>\n<ul style=\"text-align: justify;\">\n<li>S\u00f3n objecte del concurs les piles i acumuladors port\u00e0tils. Es consideren piles i acumuladors port\u00e0tils qualsevol pila, pila bot\u00f3, acumulador o bateria que estigui precintat, pugui portar-se amb la m\u00e0 i no sigui industrial ni d\u2019automoci\u00f3, com ara les piles bot\u00f3 i est\u00e0ndard i els acumuladors utilitzats en tel\u00e8fons m\u00f2bils, c\u00e0meres de v\u00eddeo i eines port\u00e0tils.<\/li>\n<li>L\u2019origen de les piles i acumuladors port\u00e0tils ha de ser dom\u00e8stic, procedent de les fam\u00edlies dels alumnes.<\/li>\n<li><strong>L\u2019objectiu del concurs<\/strong> \u00e9s recollir en el contenidor Apilo la m\u00e0xima quantitat de piles i acumuladors port\u00e0tils procedents de les fam\u00edlies dels alumnes durant la vig\u00e8ncia de l\u2019acci\u00f3 promocional.<\/li>\n<\/ul>\n<p style=\"text-align: justify;\"><strong>Els premis<\/strong><\/p>\n<ul style=\"text-align: justify;\">\n<li>Tres mil euros (3.000\u00a0\u20ac) per al centre educatiu de Catalunya que reculli m\u00e9s piles i acumuladors port\u00e0tils.<\/li>\n<li><span style=\"font-family: inherit; font-size: 1em;\">Tres mil euros (3.000\u00a0\u20ac) per al centre educatiu de Catalunya que reculli m\u00e9s piles i acumuladors port\u00e0tils per alumne.<\/span><\/li>\n<\/ul>\n<p style=\"text-align: justify;\">El c\u00e0lcul de r\u00e0tio per alumne es realitzar\u00e0 tenint en compte els quilos de piles i acumuladors port\u00e0tils recollits i el nombre d\u2019alumnes registrats en el centre escolar. D\u2019aquesta manera el c\u00f2mput total a l\u2019efecte de designar els centres educatius guanyadors resultar\u00e0 de dividir els quilos de piles i acumuladors port\u00e0tils recollits entre el nombre total d\u2019alumnes registrats a l\u2019escola.<\/p>\n<p style=\"text-align: justify;\">*En cas d\u2019empat entre els centres educatius, el desempat es dirimir\u00e0 mitjan\u00e7ant un sorteig.<\/p>\n<p>&nbsp;<\/p>\n<p><strong>ANIMEU-VOS A PARTICIPAR!<\/strong><\/p>\n","protected":false},"excerpt":{"rendered":"<p>Benvolguts\/des fam\u00edlies<br \/>\nAbans de res compartir amb vosaltres la informaci\u00f3 del seg\u00fcent certificat i agrair-vos a totes i tots aquesta gran proesa:<br \/>\n<a href=\"https:\/\/agora.xtec.cat\/esc-teresabergada\/wp-content\/uploads\/usu1533\/2019\/02\/image-2019-02-06.jpg\"><\/a><br \/>\nContinuant amb el \u201cProjecte de Reduir, reciclar i reutilitzar\u201dque es porta a terme des del centre i enguany en col\u00b7laboraci\u00f3 amb la recollida \u201cPORTA&hellip;  <a href=\"https:\/\/agora.xtec.cat\/esc-teresabergada\/portada\/les-piles-al-planeta-reciclatge\/\" title=\"Read Les piles al planeta Reciclatge\">Llegeix m\u00e9s\u00bb<\/a><\/p>\n","protected":false},"author":1,"featured_media":3992,"comment_status":"open","ping_status":"closed","sticky":false,"template":"","format":"standard","meta":{"_bbp_topic_count":0,"_bbp_reply_count":0,"_bbp_total_topic_count":0,"_bbp_total_reply_count":0,"_bbp_voice_count":0,"_bbp_anonymous_reply_count":0,"_bbp_topic_count_hidden":0,"_bbp_reply_count_hidden":0,"_bbp_forum_subforum_count":0,"footnotes":""},"categories":[4],"tags":[152,75],"class_list":["post-3988","post","type-post","status-publish","format-standard","has-post-thumbnail","hentry","category-portada","tag-reciclar-et-fa-gran","tag-reciclatge"],"post_mailing_queue_ids":[],"_links":{"self":[{"href":"https:\/\/agora.xtec.cat\/esc-teresabergada\/wp-json\/wp\/v2\/posts\/3988","targetHints":{"allow":["GET"]}}],"collection":[{"href":"https:\/\/agora.xtec.cat\/esc-teresabergada\/wp-json\/wp\/v2\/posts"}],"about":[{"href":"https:\/\/agora.xtec.cat\/esc-teresabergada\/wp-json\/wp\/v2\/types\/post"}],"author":[{"embeddable":true,"href":"https:\/\/agora.xtec.cat\/esc-teresabergada\/wp-json\/wp\/v2\/users\/1"}],"replies":[{"embeddable":true,"href":"https:\/\/agora.xtec.cat\/esc-teresabergada\/wp-json\/wp\/v2\/comments?post=3988"}],"version-history":[{"count":3,"href":"https:\/\/agora.xtec.cat\/esc-teresabergada\/wp-json\/wp\/v2\/posts\/3988\/revisions"}],"predecessor-version":[{"id":4003,"href":"https:\/\/agora.xtec.cat\/esc-teresabergada\/wp-json\/wp\/v2\/posts\/3988\/revisions\/4003"}],"wp:featuredmedia":[{"embeddable":true,"href":"https:\/\/agora.xtec.cat\/esc-teresabergada\/wp-json\/wp\/v2\/media\/3992"}],"wp:attachment":[{"href":"https:\/\/agora.xtec.cat\/esc-teresabergada\/wp-json\/wp\/v2\/media?parent=3988"}],"wp:term":[{"taxonomy":"category","embeddable":true,"href":"https:\/\/agora.xtec.cat\/esc-teresabergada\/wp-json\/wp\/v2\/categories?post=3988"},{"taxonomy":"post_tag","embeddable":true,"href":"https:\/\/agora.xtec.cat\/esc-teresabergada\/wp-json\/wp\/v2\/tags?post=3988"}],"curies":[{"name":"wp","href":"https:\/\/api.w.org\/{rel}","templated":true}]}}