{"id":3949,"date":"2019-02-01T14:47:04","date_gmt":"2019-02-01T13:47:04","guid":{"rendered":"http:\/\/agora.xtec.cat\/esc-teresabergada\/?p=3949"},"modified":"2019-02-01T17:19:44","modified_gmt":"2019-02-01T16:19:44","slug":"caramels-per-la-pau","status":"publish","type":"post","link":"https:\/\/agora.xtec.cat\/esc-teresabergada\/portada\/caramels-per-la-pau\/","title":{"rendered":"Caramels per la Pau"},"content":{"rendered":"<p style=\"text-align: justify;\">Avui dia de 1 de febrer volem fer un recull de les activitats realitzades durant aquestes darreres setmanes en motiu del Dia Escolar de la No-Viol\u00e8ncia I de la Pau:<\/p>\n<ul style=\"text-align: justify;\">\n<li><a href=\"https:\/\/photos.app.goo.gl\/Hn7YymibNyL7Qfib8\" target=\"_blank\" rel=\"noopener\"><strong>Pati obert.<\/strong><\/a> L&#8217;estona d&#8217;esbarjo del dimecres 30 ha esdevingut un pati moooolt diferent: grans i petits jugant plegats.<\/li>\n<li><a href=\"https:\/\/photos.google.com\/u\/1\/share\/AF1QipM3tVbxWElBfpcRxGoAk6r1nIbebwxpZnrhJFCx29kKllBUb7FDOq18mrA5wbbMeg?key=NFRTSTZqdWJfZm5yZlFwU0R4Uk1xRGxfbFVMU1pB\" target=\"_blank\" rel=\"noopener\"><strong>Gerard Quintana i el seu Escolta-ho en el vent<\/strong><\/a>. La proposta musical ha estat poder cantar aquesta fant\u00e0stica versi\u00f3 del Blowing in the wind del Bob Dylan; unint les nostres<\/li>\n<li><strong><a href=\"https:\/\/photos.app.goo.gl\/CYEJ6zWXuTQgPQqWA\" target=\"_blank\" rel=\"noopener\">La Pau a les aules<\/a>:<\/strong>\n<ul>\n<li><strong>Caramels per la Pau.<\/strong>\u00a0Activitat realitzada per tots els alumnes de l&#8217;escola, de P3 fins a 6\u00e8, la qual ha perm\u00e8s emergir la seva vessant art\u00edstic i ling\u00fc\u00edstic.<\/li>\n<li><strong>30 minuts de lectura i valors.<\/strong> La franja dels 30 minuts de lectura a educaci\u00f3 prim\u00e0ria s&#8217;ha convertit en un temps per compartir contes (<a href=\"https:\/\/www.youtube.com\/watch?v=owrJd0GaeBM\" target=\"_blank\" rel=\"noopener\">Sopa de Pedres<\/a>), can\u00e7ons (<a href=\"https:\/\/www.youtube.com\/watch?v=LKauTyt04Ys\" target=\"_blank\" rel=\"noopener\">Somnis d&#8217;Infant<\/a>), poemes (<a href=\"https:\/\/agora.xtec.cat\/esc-teresabergada\/wp-content\/uploads\/usu1533\/2019\/01\/maxresdefault.jpg\" target=\"_blank\" rel=\"noopener\">La receta de la amistad<\/a>), curtmetratges (<a href=\"https:\/\/www.youtube.com\/watch?v=xOiMws3Isaw\" target=\"_blank\" rel=\"noopener\">For the birds<\/a>, <a href=\"https:\/\/www.youtube.com\/watch?v=c78voY04CCk\" target=\"_blank\" rel=\"noopener\">La Rana sorda<\/a>), visionat de la pel\u00b7l\u00edcula Invictus&#8230;per treballar els valors vinculats amb la Pau.<\/li>\n<li><strong>S\u00edmbols de Pau.<\/strong> Perqu\u00e8 una imatge val m\u00e9s que 1000 paraules&#8230; aquest \u00e9s el missatge que ens transmet l&#8217;activitat que han realitzat els alumnes de cicle superior, tot utilitzant la t\u00e8cnica de l&#8217;esgrafiat amb tinta xinesa.<\/li>\n<li><strong>Paraules de Pau:<\/strong>\u00a0Durant tota la setmana, hem buscat paraules que ens ajuden a sentir-nos millor, que fan que convisquem amb PAU i de manera agradable&#8230;..BONIC, GR\u00c0CIES, ANIMAR&#8230;&#8230;<span style=\"font-family: inherit; font-size: 1em;\">Ens ha agradat tant l\u2019experi\u00e8ncia que hem decidit plasmar-ho en un paper i no deixar de practicar-ho mai m\u00e9s.<\/span><\/li>\n<li>Qui era Nelson Mandela?<\/li>\n<\/ul>\n<\/li>\n<\/ul>\n<h3 style=\"text-align: justify;\">En resum&#8230;<\/h3>\n<h3 style=\"text-align: center;\">fer-nos conscients que la Pau \u00e9s viure convivint en companyonia.<\/h3>\n<p>&nbsp;<\/p>\n<p>* Podeu veure el recull fotogr\u00e0fic i accedir als enlla\u00e7os de contes\/contes fent clic a les paraules marcades de blau.<\/p>\n<p>&nbsp;<\/p>\n","protected":false},"excerpt":{"rendered":"<p>Avui dia de 1 de febrer volem fer un recull de les activitats realitzades durant aquestes darreres setmanes en motiu del Dia Escolar de la No-Viol\u00e8ncia I de la Pau:<\/p>\n<ul style=\"text-align: justify;\">\n<li><a href=\"https:\/\/photos.app.goo.gl\/Hn7YymibNyL7Qfib8\" target=\"_blank\" rel=\"noopener\">Pati obert.<\/a> L&#8217;estona d&#8217;esbarjo del dimecres 30 ha esdevingut un pati&hellip;  <a href=\"https:\/\/agora.xtec.cat\/esc-teresabergada\/portada\/caramels-per-la-pau\/\" title=\"Read Caramels per la Pau\">Llegeix m\u00e9s\u00bb<\/a><br \/>\n","protected":false},"author":1,"featured_media":3813,"comment_status":"open","ping_status":"closed","sticky":false,"template":"","format":"standard","meta":{"_bbp_topic_count":0,"_bbp_reply_count":0,"_bbp_total_topic_count":0,"_bbp_total_reply_count":0,"_bbp_voice_count":0,"_bbp_anonymous_reply_count":0,"_bbp_topic_count_hidden":0,"_bbp_reply_count_hidden":0,"_bbp_forum_subforum_count":0,"footnotes":""},"categories":[4],"tags":[395,110,356],"class_list":["post-3949","post","type-post","status-publish","format-standard","has-post-thumbnail","hentry","category-portada","tag-denip","tag-dia-de-la-pau","tag-valors"],"post_mailing_queue_ids":[],"_links":{"self":[{"href":"https:\/\/agora.xtec.cat\/esc-teresabergada\/wp-json\/wp\/v2\/posts\/3949","targetHints":{"allow":["GET"]}}],"collection":[{"href":"https:\/\/agora.xtec.cat\/esc-teresabergada\/wp-json\/wp\/v2\/posts"}],"about":[{"href":"https:\/\/agora.xtec.cat\/esc-teresabergada\/wp-json\/wp\/v2\/types\/post"}],"author":[{"embeddable":true,"href":"https:\/\/agora.xtec.cat\/esc-teresabergada\/wp-json\/wp\/v2\/users\/1"}],"replies":[{"embeddable":true,"href":"https:\/\/agora.xtec.cat\/esc-teresabergada\/wp-json\/wp\/v2\/comments?post=3949"}],"version-history":[{"count":3,"href":"https:\/\/agora.xtec.cat\/esc-teresabergada\/wp-json\/wp\/v2\/posts\/3949\/revisions"}],"predecessor-version":[{"id":3964,"href":"https:\/\/agora.xtec.cat\/esc-teresabergada\/wp-json\/wp\/v2\/posts\/3949\/revisions\/3964"}],"wp:featuredmedia":[{"embeddable":true,"href":"https:\/\/agora.xtec.cat\/esc-teresabergada\/wp-json\/wp\/v2\/media\/3813"}],"wp:attachment":[{"href":"https:\/\/agora.xtec.cat\/esc-teresabergada\/wp-json\/wp\/v2\/media?parent=3949"}],"wp:term":[{"taxonomy":"category","embeddable":true,"href":"https:\/\/agora.xtec.cat\/esc-teresabergada\/wp-json\/wp\/v2\/categories?post=3949"},{"taxonomy":"post_tag","embeddable":true,"href":"https:\/\/agora.xtec.cat\/esc-teresabergada\/wp-json\/wp\/v2\/tags?post=3949"}],"curies":[{"name":"wp","href":"https:\/\/api.w.org\/{rel}","templated":true}]}}