{"id":3905,"date":"2019-01-30T22:15:03","date_gmt":"2019-01-30T21:15:03","guid":{"rendered":"http:\/\/agora.xtec.cat\/esc-teresabergada\/?p=3905"},"modified":"2020-09-08T05:19:45","modified_gmt":"2020-09-08T03:19:45","slug":"la-capsa-de-la-vida-de-la-jana","status":"publish","type":"post","link":"https:\/\/agora.xtec.cat\/esc-teresabergada\/infantil\/la-capsa-de-la-vida-de-la-jana\/","title":{"rendered":"LA CAPSA DE LA VIDA DE LA JANA"},"content":{"rendered":"<p>La Luciana, el Santi i la Mariona han vingut a l&#8217;escola a ajudar a la Jana a explicar la seva capsa de vida. Una bonica fam\u00edlia acompanyant en una activitat molt important per a tots. A part de la capsa, ens han dut unes fotografies enmarcades de quan la Jana era una criatura; tamb\u00e9 es veu la Mariona al seu costat quan acabava de n\u00e8ixer. Amb aquest record preci\u00f3s, comen\u00e7a l&#8217;exposici\u00f3 de tresors.<\/p>\n<p>El xumet que tant li agravada, a la Jana, i que ella anomenava &#8220;Pup\u00fa&#8221;, un bon dia el va donar a la cabreta perqu\u00e8 ella ja s&#8217;havia fet gran. El Nino d&#8217;anar a dormir, amb el xumet incl\u00f2s, que tamb\u00e9 li servia per tapar-se el cap. Finalment la nina que m\u00e9s li agrada, petiteta i dolceta com la Jana. Tots aquests tresors els hem pogut agafar, tocar i mirar d&#8217;aprop. Tot dins d&#8217;una capsa de fusta, ben decorada, pintada, amb el nom i uns dibuixos d&#8217;un unicorn i una nina. Qu\u00e8 bonic tot plegat!.<\/p>\n<p><a href=\"https:\/\/agora.xtec.cat\/esc-teresabergada\/wp-content\/uploads\/usu1533\/2019\/01\/IMG_20190128_112645.jpg\"><img loading=\"lazy\" decoding=\"async\" class=\" wp-image-3906\" src=\"https:\/\/agora.xtec.cat\/esc-teresabergada\/wp-content\/uploads\/usu1533\/2019\/01\/IMG_20190128_112645-1024x741.jpg\" alt=\"\" width=\"492\" height=\"356\" \/><\/a><\/p>\n<p>Per veure les imatges, cliqueu <a href=\"https:\/\/photos.app.goo.gl\/yx9A4ZddEAmevYCYA\"><em><strong>aqu\u00ed<\/strong><\/em><\/a>.<\/p>\n","protected":false},"excerpt":{"rendered":"<p>La Luciana, el Santi i la Mariona han vingut a l&#8217;escola a ajudar a la Jana a explicar la seva capsa de vida. Una bonica fam\u00edlia acompanyant en una activitat molt important per a tots. A part de la capsa, ens han dut unes fotografies&hellip;  <a href=\"https:\/\/agora.xtec.cat\/esc-teresabergada\/infantil\/la-capsa-de-la-vida-de-la-jana\/\" title=\"Read LA CAPSA DE LA VIDA DE LA JANA\">Llegeix m\u00e9s\u00bb<\/a><\/p>\n","protected":false},"author":12,"featured_media":0,"comment_status":"open","ping_status":"closed","sticky":false,"template":"","format":"standard","meta":{"_bbp_topic_count":0,"_bbp_reply_count":0,"_bbp_total_topic_count":0,"_bbp_total_reply_count":0,"_bbp_voice_count":0,"_bbp_anonymous_reply_count":0,"_bbp_topic_count_hidden":0,"_bbp_reply_count_hidden":0,"_bbp_forum_subforum_count":0,"footnotes":""},"categories":[251,2],"tags":[317],"class_list":["post-3905","post","type-post","status-publish","format-standard","hentry","category-i5","category-infantil","tag-capses-de-vida"],"post_mailing_queue_ids":[],"_links":{"self":[{"href":"https:\/\/agora.xtec.cat\/esc-teresabergada\/wp-json\/wp\/v2\/posts\/3905","targetHints":{"allow":["GET"]}}],"collection":[{"href":"https:\/\/agora.xtec.cat\/esc-teresabergada\/wp-json\/wp\/v2\/posts"}],"about":[{"href":"https:\/\/agora.xtec.cat\/esc-teresabergada\/wp-json\/wp\/v2\/types\/post"}],"author":[{"embeddable":true,"href":"https:\/\/agora.xtec.cat\/esc-teresabergada\/wp-json\/wp\/v2\/users\/12"}],"replies":[{"embeddable":true,"href":"https:\/\/agora.xtec.cat\/esc-teresabergada\/wp-json\/wp\/v2\/comments?post=3905"}],"version-history":[{"count":4,"href":"https:\/\/agora.xtec.cat\/esc-teresabergada\/wp-json\/wp\/v2\/posts\/3905\/revisions"}],"predecessor-version":[{"id":3948,"href":"https:\/\/agora.xtec.cat\/esc-teresabergada\/wp-json\/wp\/v2\/posts\/3905\/revisions\/3948"}],"wp:attachment":[{"href":"https:\/\/agora.xtec.cat\/esc-teresabergada\/wp-json\/wp\/v2\/media?parent=3905"}],"wp:term":[{"taxonomy":"category","embeddable":true,"href":"https:\/\/agora.xtec.cat\/esc-teresabergada\/wp-json\/wp\/v2\/categories?post=3905"},{"taxonomy":"post_tag","embeddable":true,"href":"https:\/\/agora.xtec.cat\/esc-teresabergada\/wp-json\/wp\/v2\/tags?post=3905"}],"curies":[{"name":"wp","href":"https:\/\/api.w.org\/{rel}","templated":true}]}}