{"id":3902,"date":"2019-01-29T22:09:34","date_gmt":"2019-01-29T21:09:34","guid":{"rendered":"http:\/\/agora.xtec.cat\/esc-teresabergada\/?p=3902"},"modified":"2020-09-08T05:19:58","modified_gmt":"2020-09-08T03:19:58","slug":"la-capsa-de-la-vida-de-la-yifei","status":"publish","type":"post","link":"https:\/\/agora.xtec.cat\/esc-teresabergada\/infantil\/la-capsa-de-la-vida-de-la-yifei\/","title":{"rendered":"LA CAPSA DE LA VIDA DE LA YIFEI"},"content":{"rendered":"<p>La Yifei ens ha portat la seva capsa de la vida i ens ho hem passat d&#8217;all\u00f2 m\u00e9s b\u00e9. Ens ha ensenyat el seu primer biber\u00f3 d&#8217;aigua, les sabatetes dels pocs mesos i un pitet for\u00e7a petit. Hem rigut quan ens hem volgut emprovar les sabates, com si f\u00f3ssim la Ventafocs. Evidentment, no ens hi cabia el peu i ens ha fet molta gr\u00e0cia. Hem arribat a la conclusi\u00f3 que ja som grans per la roba de\u00a0 nad\u00f3. Quina capsa m\u00e9s bonica!<\/p>\n<p><a href=\"https:\/\/agora.xtec.cat\/esc-teresabergada\/wp-content\/uploads\/usu1533\/2019\/01\/IMG_20190128_101038.jpg\"><img loading=\"lazy\" decoding=\"async\" class=\" wp-image-3903\" src=\"https:\/\/agora.xtec.cat\/esc-teresabergada\/wp-content\/uploads\/usu1533\/2019\/01\/IMG_20190128_101038-738x1024.jpg\" alt=\"\" width=\"306\" height=\"425\" \/><\/a><\/p>\n<p>Cliqueu <a href=\"https:\/\/photos.app.goo.gl\/euku7Su4S5z1kYaVA\"><em><strong>aqu\u00ed<\/strong><\/em><\/a> per veure les imatges.<\/p>\n","protected":false},"excerpt":{"rendered":"<p>La Yifei ens ha portat la seva capsa de la vida i ens ho hem passat d&#8217;all\u00f2 m\u00e9s b\u00e9. Ens ha ensenyat el seu primer biber\u00f3 d&#8217;aigua, les sabatetes dels pocs mesos i un pitet for\u00e7a petit. Hem rigut quan ens hem volgut emprovar les&hellip;  <a href=\"https:\/\/agora.xtec.cat\/esc-teresabergada\/infantil\/la-capsa-de-la-vida-de-la-yifei\/\" title=\"Read LA CAPSA DE LA VIDA DE LA YIFEI\">Llegeix m\u00e9s\u00bb<\/a><\/p>\n","protected":false},"author":12,"featured_media":0,"comment_status":"open","ping_status":"closed","sticky":false,"template":"","format":"standard","meta":{"_bbp_topic_count":0,"_bbp_reply_count":0,"_bbp_total_topic_count":0,"_bbp_total_reply_count":0,"_bbp_voice_count":0,"_bbp_anonymous_reply_count":0,"_bbp_topic_count_hidden":0,"_bbp_reply_count_hidden":0,"_bbp_forum_subforum_count":0,"footnotes":""},"categories":[251,2],"tags":[317],"class_list":["post-3902","post","type-post","status-publish","format-standard","hentry","category-i5","category-infantil","tag-capses-de-vida"],"post_mailing_queue_ids":[],"_links":{"self":[{"href":"https:\/\/agora.xtec.cat\/esc-teresabergada\/wp-json\/wp\/v2\/posts\/3902","targetHints":{"allow":["GET"]}}],"collection":[{"href":"https:\/\/agora.xtec.cat\/esc-teresabergada\/wp-json\/wp\/v2\/posts"}],"about":[{"href":"https:\/\/agora.xtec.cat\/esc-teresabergada\/wp-json\/wp\/v2\/types\/post"}],"author":[{"embeddable":true,"href":"https:\/\/agora.xtec.cat\/esc-teresabergada\/wp-json\/wp\/v2\/users\/12"}],"replies":[{"embeddable":true,"href":"https:\/\/agora.xtec.cat\/esc-teresabergada\/wp-json\/wp\/v2\/comments?post=3902"}],"version-history":[{"count":1,"href":"https:\/\/agora.xtec.cat\/esc-teresabergada\/wp-json\/wp\/v2\/posts\/3902\/revisions"}],"predecessor-version":[{"id":3904,"href":"https:\/\/agora.xtec.cat\/esc-teresabergada\/wp-json\/wp\/v2\/posts\/3902\/revisions\/3904"}],"wp:attachment":[{"href":"https:\/\/agora.xtec.cat\/esc-teresabergada\/wp-json\/wp\/v2\/media?parent=3902"}],"wp:term":[{"taxonomy":"category","embeddable":true,"href":"https:\/\/agora.xtec.cat\/esc-teresabergada\/wp-json\/wp\/v2\/categories?post=3902"},{"taxonomy":"post_tag","embeddable":true,"href":"https:\/\/agora.xtec.cat\/esc-teresabergada\/wp-json\/wp\/v2\/tags?post=3902"}],"curies":[{"name":"wp","href":"https:\/\/api.w.org\/{rel}","templated":true}]}}