{"id":3896,"date":"2019-01-29T21:05:37","date_gmt":"2019-01-29T20:05:37","guid":{"rendered":"http:\/\/agora.xtec.cat\/esc-teresabergada\/?p=3896"},"modified":"2020-09-08T05:20:05","modified_gmt":"2020-09-08T03:20:05","slug":"la-capsa-de-la-vida-de-la-maria","status":"publish","type":"post","link":"https:\/\/agora.xtec.cat\/esc-teresabergada\/infantil\/la-capsa-de-la-vida-de-la-maria\/","title":{"rendered":"LA CAPSA DE LA VIDA DE LA MARIA"},"content":{"rendered":"<p>Ja tenim la capsa de la Maria a la classe!. Quina capsa m\u00e9s especial!.<\/p>\n<p>L&#8217;Anna, la mare de la Maria, ha ajudat a la Maria a explicar tots els tresors que hi guarda. \u00c9s una capsa met\u00e0l\u00b7lica amb dibuixos i paraules d&#8217;estimaci\u00f3. A sota de la tapa est\u00e0 ple de fotografies de record de quan era ben petita i tamb\u00e9 n&#8217;hi ha alguna amb el Mart\u00ed, el seu germ\u00e0. Aquell primer xumet amb la cadeneta per enganxar a la roba\u00a0 ens ha fet molta gr\u00e0cia. Els\u00a0 primers ninos de la Maria, un ratol\u00ed i una ratolina molt ben vestits. L&#8217;\u00faltim tresor que ens ha portat ha estat unes sabatetes de vellut que li va regalar el Mart\u00ed, que ja eren d&#8217;ell, i que no podien ser m\u00e9s tovetes.<\/p>\n<p>La Maria ens ho ha deixat tocar tot i ens ha agradat molt que vulgu\u00e9s compartir els seus petits tresors amb nosaltres. El que m\u00e9s vam notar \u00e9s que s&#8217;estima molt\u00edssim a la seva fam\u00edlia i, en especial, al Mart\u00ed.<\/p>\n<p><a href=\"https:\/\/agora.xtec.cat\/esc-teresabergada\/wp-content\/uploads\/usu1533\/2019\/01\/IMG_20190116_155024.jpg\"><img loading=\"lazy\" decoding=\"async\" class=\" wp-image-3897\" src=\"https:\/\/agora.xtec.cat\/esc-teresabergada\/wp-content\/uploads\/usu1533\/2019\/01\/IMG_20190116_155024-635x1024.jpg\" alt=\"\" width=\"281\" height=\"453\" \/><\/a><\/p>\n<p>Si voleu veure les imatges, cliqueu <a href=\"https:\/\/photos.app.goo.gl\/X9ftXcvfNzwAMX6B6\"><em><strong>aqu\u00ed<\/strong><\/em><\/a>.<\/p>\n","protected":false},"excerpt":{"rendered":"<p>Ja tenim la capsa de la Maria a la classe!. Quina capsa m\u00e9s especial!.<br \/>\nL&#8217;Anna, la mare de la Maria, ha ajudat a la Maria a explicar tots els tresors que hi guarda. \u00c9s una capsa met\u00e0l\u00b7lica amb dibuixos i paraules d&#8217;estimaci\u00f3. A sota de la&hellip;  <a href=\"https:\/\/agora.xtec.cat\/esc-teresabergada\/infantil\/la-capsa-de-la-vida-de-la-maria\/\" title=\"Read LA CAPSA DE LA VIDA DE LA MARIA\">Llegeix m\u00e9s\u00bb<\/a><\/p>\n","protected":false},"author":12,"featured_media":0,"comment_status":"open","ping_status":"closed","sticky":false,"template":"","format":"standard","meta":{"_bbp_topic_count":0,"_bbp_reply_count":0,"_bbp_total_topic_count":0,"_bbp_total_reply_count":0,"_bbp_voice_count":0,"_bbp_anonymous_reply_count":0,"_bbp_topic_count_hidden":0,"_bbp_reply_count_hidden":0,"_bbp_forum_subforum_count":0,"footnotes":""},"categories":[251,2],"tags":[317],"class_list":["post-3896","post","type-post","status-publish","format-standard","hentry","category-i5","category-infantil","tag-capses-de-vida"],"post_mailing_queue_ids":[],"_links":{"self":[{"href":"https:\/\/agora.xtec.cat\/esc-teresabergada\/wp-json\/wp\/v2\/posts\/3896","targetHints":{"allow":["GET"]}}],"collection":[{"href":"https:\/\/agora.xtec.cat\/esc-teresabergada\/wp-json\/wp\/v2\/posts"}],"about":[{"href":"https:\/\/agora.xtec.cat\/esc-teresabergada\/wp-json\/wp\/v2\/types\/post"}],"author":[{"embeddable":true,"href":"https:\/\/agora.xtec.cat\/esc-teresabergada\/wp-json\/wp\/v2\/users\/12"}],"replies":[{"embeddable":true,"href":"https:\/\/agora.xtec.cat\/esc-teresabergada\/wp-json\/wp\/v2\/comments?post=3896"}],"version-history":[{"count":2,"href":"https:\/\/agora.xtec.cat\/esc-teresabergada\/wp-json\/wp\/v2\/posts\/3896\/revisions"}],"predecessor-version":[{"id":3899,"href":"https:\/\/agora.xtec.cat\/esc-teresabergada\/wp-json\/wp\/v2\/posts\/3896\/revisions\/3899"}],"wp:attachment":[{"href":"https:\/\/agora.xtec.cat\/esc-teresabergada\/wp-json\/wp\/v2\/media?parent=3896"}],"wp:term":[{"taxonomy":"category","embeddable":true,"href":"https:\/\/agora.xtec.cat\/esc-teresabergada\/wp-json\/wp\/v2\/categories?post=3896"},{"taxonomy":"post_tag","embeddable":true,"href":"https:\/\/agora.xtec.cat\/esc-teresabergada\/wp-json\/wp\/v2\/tags?post=3896"}],"curies":[{"name":"wp","href":"https:\/\/api.w.org\/{rel}","templated":true}]}}