{"id":3876,"date":"2019-01-23T20:35:29","date_gmt":"2019-01-23T19:35:29","guid":{"rendered":"http:\/\/agora.xtec.cat\/esc-teresabergada\/?p=3876"},"modified":"2019-01-23T20:35:29","modified_gmt":"2019-01-23T19:35:29","slug":"musica-per-als-mes-petits","status":"publish","type":"post","link":"https:\/\/agora.xtec.cat\/esc-teresabergada\/infantil\/musica-per-als-mes-petits\/","title":{"rendered":"M\u00fasica per als m\u00e9s petits"},"content":{"rendered":"<p>La m\u00fasica \u00e9s un llenguatge universal que millora l\u2019atenci\u00f3, la motivaci\u00f3, la creativitat, la<br \/>\npsicomotricitat, la mem\u00f2ria, l\u2019estat an\u00edmic i, en conseq\u00fc\u00e8ncia, l\u2019aprenentatge. Tenint en<br \/>\ncompte els infinits avantatges que presenta, s\u2019ha d\u2019incloure en l\u2019educaci\u00f3 des d\u2019etapes<br \/>\nprimerenques.<\/p>\n<p>Cliqueu la imatge per arribar al blog de m\u00fasica dels m\u00e9s petits.<\/p>\n<p><a href=\"https:\/\/blocs.xtec.cat\/musicaeducacioinfatil\/\"><img loading=\"lazy\" decoding=\"async\" class=\"alignnone size-medium wp-image-3877\" src=\"https:\/\/agora.xtec.cat\/esc-teresabergada\/wp-content\/uploads\/usu1533\/2019\/01\/18173488-happy-kids-m\u00fasica-300x300.jpg\" alt=\"\" width=\"300\" height=\"300\" srcset=\"https:\/\/agora.xtec.cat\/esc-teresabergada\/wp-content\/uploads\/usu1533\/2019\/01\/18173488-happy-kids-m\u00fasica-300x300.jpg 300w, https:\/\/agora.xtec.cat\/esc-teresabergada\/wp-content\/uploads\/usu1533\/2019\/01\/18173488-happy-kids-m\u00fasica-150x150.jpg 150w, https:\/\/agora.xtec.cat\/esc-teresabergada\/wp-content\/uploads\/usu1533\/2019\/01\/18173488-happy-kids-m\u00fasica-768x768.jpg 768w, https:\/\/agora.xtec.cat\/esc-teresabergada\/wp-content\/uploads\/usu1533\/2019\/01\/18173488-happy-kids-m\u00fasica-1024x1024.jpg 1024w, https:\/\/agora.xtec.cat\/esc-teresabergada\/wp-content\/uploads\/usu1533\/2019\/01\/18173488-happy-kids-m\u00fasica.jpg 1300w\" sizes=\"auto, (max-width: 300px) 100vw, 300px\" \/><\/a><\/p>\n","protected":false},"excerpt":{"rendered":"<p>La m\u00fasica \u00e9s un llenguatge universal que millora l\u2019atenci\u00f3, la motivaci\u00f3, la creativitat, la<br \/>\npsicomotricitat, la mem\u00f2ria, l\u2019estat an\u00edmic i, en conseq\u00fc\u00e8ncia, l\u2019aprenentatge. Tenint en<br \/>\ncompte els infinits avantatges que presenta, s\u2019ha d\u2019incloure en l\u2019educaci\u00f3 des d\u2019etapes<br \/>\nprimerenques.<br \/>\nCliqueu la imatge per arribar al blog de m\u00fasica dels m\u00e9s&hellip;  <a href=\"https:\/\/agora.xtec.cat\/esc-teresabergada\/infantil\/musica-per-als-mes-petits\/\" title=\"Read M\u00fasica per als m\u00e9s petits\">Llegeix m\u00e9s\u00bb<\/a><\/p>\n","protected":false},"author":1,"featured_media":3878,"comment_status":"open","ping_status":"closed","sticky":false,"template":"","format":"standard","meta":{"_bbp_topic_count":0,"_bbp_reply_count":0,"_bbp_total_topic_count":0,"_bbp_total_reply_count":0,"_bbp_voice_count":0,"_bbp_anonymous_reply_count":0,"_bbp_topic_count_hidden":0,"_bbp_reply_count_hidden":0,"_bbp_forum_subforum_count":0,"footnotes":""},"categories":[2,104],"tags":[61,373,224,374,56,311],"class_list":["post-3876","post","type-post","status-publish","format-standard","has-post-thumbnail","hentry","category-infantil","category-musica","tag-activitats","tag-bloc","tag-cancons","tag-contes-musicals","tag-musica","tag-videos"],"post_mailing_queue_ids":[],"_links":{"self":[{"href":"https:\/\/agora.xtec.cat\/esc-teresabergada\/wp-json\/wp\/v2\/posts\/3876","targetHints":{"allow":["GET"]}}],"collection":[{"href":"https:\/\/agora.xtec.cat\/esc-teresabergada\/wp-json\/wp\/v2\/posts"}],"about":[{"href":"https:\/\/agora.xtec.cat\/esc-teresabergada\/wp-json\/wp\/v2\/types\/post"}],"author":[{"embeddable":true,"href":"https:\/\/agora.xtec.cat\/esc-teresabergada\/wp-json\/wp\/v2\/users\/1"}],"replies":[{"embeddable":true,"href":"https:\/\/agora.xtec.cat\/esc-teresabergada\/wp-json\/wp\/v2\/comments?post=3876"}],"version-history":[{"count":1,"href":"https:\/\/agora.xtec.cat\/esc-teresabergada\/wp-json\/wp\/v2\/posts\/3876\/revisions"}],"predecessor-version":[{"id":3879,"href":"https:\/\/agora.xtec.cat\/esc-teresabergada\/wp-json\/wp\/v2\/posts\/3876\/revisions\/3879"}],"wp:featuredmedia":[{"embeddable":true,"href":"https:\/\/agora.xtec.cat\/esc-teresabergada\/wp-json\/wp\/v2\/media\/3878"}],"wp:attachment":[{"href":"https:\/\/agora.xtec.cat\/esc-teresabergada\/wp-json\/wp\/v2\/media?parent=3876"}],"wp:term":[{"taxonomy":"category","embeddable":true,"href":"https:\/\/agora.xtec.cat\/esc-teresabergada\/wp-json\/wp\/v2\/categories?post=3876"},{"taxonomy":"post_tag","embeddable":true,"href":"https:\/\/agora.xtec.cat\/esc-teresabergada\/wp-json\/wp\/v2\/tags?post=3876"}],"curies":[{"name":"wp","href":"https:\/\/api.w.org\/{rel}","templated":true}]}}