{"id":3854,"date":"2019-01-18T11:25:42","date_gmt":"2019-01-18T10:25:42","guid":{"rendered":"http:\/\/agora.xtec.cat\/esc-teresabergada\/?p=3854"},"modified":"2020-09-07T18:07:28","modified_gmt":"2020-09-07T16:07:28","slug":"lhivern-a-la-manera-dherve-tullet","status":"publish","type":"post","link":"https:\/\/agora.xtec.cat\/esc-teresabergada\/general\/lhivern-a-la-manera-dherve-tullet\/","title":{"rendered":"L&#8217;HIVERN A  LA MANERA D&#8217;HERV\u00c9 TULLET"},"content":{"rendered":"<p>Aquest cop hem entrat a l&#8217;HIVERN de la m\u00e0 Herv\u00e9 Tullet. Artista de fama internacional,\u00a0 conegut a Fran\u00e7a com el rei dels llibres infantils, \u00e9s autor de titols\u00a0 tant coneguts com <em>&#8230;UN LLIBRE, COLORS, JUGUEM, OH&#8230;..<\/em>\u00a0entre molts altres.<\/p>\n<p>Amb els seus tallers hem enc\u00e8s la metxa de la creativitat i hem alliberat l&#8217;artista que tots portem dins, sense importar l&#8217;edat, l&#8217;experi\u00e8ncia o les nostres habilitats art\u00edstiques.<\/p>\n<p>Tot seguit podeu veure una petita mostra del nostre primer taller.<\/p>\n<p>Cliqueu damunt de la imatge.<a href=\"https:\/\/youtu.be\/V4IP6mFVUP8\"><img loading=\"lazy\" decoding=\"async\" class=\"alignnone size-full wp-image-3864\" src=\"https:\/\/agora.xtec.cat\/esc-teresabergada\/wp-content\/uploads\/usu1533\/2019\/01\/Red-Wreath-Christmas-Cookies-Holiday-Photo-Collage.jpg\" alt=\"\" width=\"945\" height=\"756\" srcset=\"https:\/\/agora.xtec.cat\/esc-teresabergada\/wp-content\/uploads\/usu1533\/2019\/01\/Red-Wreath-Christmas-Cookies-Holiday-Photo-Collage.jpg 945w, https:\/\/agora.xtec.cat\/esc-teresabergada\/wp-content\/uploads\/usu1533\/2019\/01\/Red-Wreath-Christmas-Cookies-Holiday-Photo-Collage-300x240.jpg 300w, https:\/\/agora.xtec.cat\/esc-teresabergada\/wp-content\/uploads\/usu1533\/2019\/01\/Red-Wreath-Christmas-Cookies-Holiday-Photo-Collage-768x614.jpg 768w\" sizes=\"auto, (max-width: 945px) 100vw, 945px\" \/><\/a><\/p>\n<p>&nbsp;<\/p>\n<p>&nbsp;<\/p>\n","protected":false},"excerpt":{"rendered":"<p>Aquest cop hem entrat a l&#8217;HIVERN de la m\u00e0 Herv\u00e9 Tullet. Artista de fama internacional,\u00a0 conegut a Fran\u00e7a com el rei dels llibres infantils, \u00e9s autor de titols\u00a0 tant coneguts com &#8230;UN LLIBRE, COLORS, JUGUEM, OH&#8230;..\u00a0entre molts altres.<br \/>\nAmb els seus tallers hem enc\u00e8s la metxa&hellip;  <a href=\"https:\/\/agora.xtec.cat\/esc-teresabergada\/general\/lhivern-a-la-manera-dherve-tullet\/\" title=\"Read L&#8217;HIVERN A  LA MANERA D&#8217;HERV\u00c9 TULLET\">Llegeix m\u00e9s\u00bb<\/a><\/p>\n","protected":false},"author":1,"featured_media":0,"comment_status":"open","ping_status":"closed","sticky":false,"template":"","format":"standard","meta":{"_bbp_topic_count":0,"_bbp_reply_count":0,"_bbp_total_topic_count":0,"_bbp_total_reply_count":0,"_bbp_voice_count":0,"_bbp_anonymous_reply_count":0,"_bbp_topic_count_hidden":0,"_bbp_reply_count_hidden":0,"_bbp_forum_subforum_count":0,"footnotes":""},"categories":[348,1],"tags":[121],"class_list":["post-3854","post","type-post","status-publish","format-standard","hentry","category-1r","category-general","tag-educacio-infantil"],"post_mailing_queue_ids":[],"_links":{"self":[{"href":"https:\/\/agora.xtec.cat\/esc-teresabergada\/wp-json\/wp\/v2\/posts\/3854","targetHints":{"allow":["GET"]}}],"collection":[{"href":"https:\/\/agora.xtec.cat\/esc-teresabergada\/wp-json\/wp\/v2\/posts"}],"about":[{"href":"https:\/\/agora.xtec.cat\/esc-teresabergada\/wp-json\/wp\/v2\/types\/post"}],"author":[{"embeddable":true,"href":"https:\/\/agora.xtec.cat\/esc-teresabergada\/wp-json\/wp\/v2\/users\/1"}],"replies":[{"embeddable":true,"href":"https:\/\/agora.xtec.cat\/esc-teresabergada\/wp-json\/wp\/v2\/comments?post=3854"}],"version-history":[{"count":3,"href":"https:\/\/agora.xtec.cat\/esc-teresabergada\/wp-json\/wp\/v2\/posts\/3854\/revisions"}],"predecessor-version":[{"id":3866,"href":"https:\/\/agora.xtec.cat\/esc-teresabergada\/wp-json\/wp\/v2\/posts\/3854\/revisions\/3866"}],"wp:attachment":[{"href":"https:\/\/agora.xtec.cat\/esc-teresabergada\/wp-json\/wp\/v2\/media?parent=3854"}],"wp:term":[{"taxonomy":"category","embeddable":true,"href":"https:\/\/agora.xtec.cat\/esc-teresabergada\/wp-json\/wp\/v2\/categories?post=3854"},{"taxonomy":"post_tag","embeddable":true,"href":"https:\/\/agora.xtec.cat\/esc-teresabergada\/wp-json\/wp\/v2\/tags?post=3854"}],"curies":[{"name":"wp","href":"https:\/\/api.w.org\/{rel}","templated":true}]}}