{"id":3841,"date":"2019-01-12T12:07:04","date_gmt":"2019-01-12T11:07:04","guid":{"rendered":"http:\/\/agora.xtec.cat\/esc-teresabergada\/?p=3841"},"modified":"2019-09-27T13:20:28","modified_gmt":"2019-09-27T11:20:28","slug":"art-treballem-amb-la-imatge","status":"publish","type":"post","link":"https:\/\/agora.xtec.cat\/esc-teresabergada\/blocs-de-primaria\/3r\/art-treballem-amb-la-imatge\/","title":{"rendered":"L&#8217;art a primer: Treballem amb la imatge"},"content":{"rendered":"<p>Actualment el nostre entorn gira al voltant de les imatges i la comunicaci\u00f3 a trav\u00e9s del cinema, dels videojocs, de la fotografia&#8230; per aquest motiu un dels blocs de treball d&#8217; art d&#8217;aquest curs ha estat el poder iniciar als alumnes en el m\u00f3n de la imatge a trav\u00e9s de les fotografies.<\/p>\n<p>Hem treballat la c\u00e0mera de fotos, com s&#8217;utilitza, les parts i botons m\u00e9s importants&#8230; Tamb\u00e9 s&#8217;han treballat els tipus de plans de les fotografies,\u00a0 hem apr\u00e9s a identificar que una imatge ens pot transmetre molta informaci\u00f3, i tamb\u00e9 que podem utilitzar les imatges per explicar alguna hist\u00f2ria.<\/p>\n<p>L&#8217;activitat final del tema ha estat el treball en grup cooperatiu de la realitzaci\u00f3 d&#8217;un seguit de fotografies, que han servit per despr\u00e9s fer un Stop-Motion, on les fotografies &#8220;prenen vida&#8221;.<\/p>\n<p>Ha estat una tasca entretinguda i divertida.<\/p>\n<p><a href=\"https:\/\/drive.google.com\/open?id=1qsDqOKdwjBjeceGJrG--WECUJlIcCXhp\">Aqu\u00ed en podeu veure el resultat.<\/a><\/p>\n<p>&nbsp;<\/p>\n<p>&nbsp;<\/p>\n<p>&nbsp;<\/p>\n<p>&nbsp;<\/p>\n","protected":false},"excerpt":{"rendered":"<p>Actualment el nostre entorn gira al voltant de les imatges i la comunicaci\u00f3 a trav\u00e9s del cinema, dels videojocs, de la fotografia&#8230; per aquest motiu un dels blocs de treball d&#8217; art d&#8217;aquest curs ha estat el poder iniciar als alumnes en el m\u00f3n de&hellip;  <a href=\"https:\/\/agora.xtec.cat\/esc-teresabergada\/blocs-de-primaria\/3r\/art-treballem-amb-la-imatge\/\" title=\"Read L&#8217;art a primer: Treballem amb la imatge\">Llegeix m\u00e9s\u00bb<\/a><\/p>\n","protected":false},"author":16,"featured_media":3842,"comment_status":"open","ping_status":"closed","sticky":false,"template":"","format":"standard","meta":{"_bbp_topic_count":0,"_bbp_reply_count":0,"_bbp_total_topic_count":0,"_bbp_total_reply_count":0,"_bbp_voice_count":0,"_bbp_anonymous_reply_count":0,"_bbp_topic_count_hidden":0,"_bbp_reply_count_hidden":0,"_bbp_forum_subforum_count":0,"footnotes":""},"categories":[238],"tags":[244,135,368,370,371,369],"class_list":["post-3841","post","type-post","status-publish","format-standard","has-post-thumbnail","hentry","category-3r","tag-art","tag-cicle-inicial","tag-fotografia","tag-grup-cooperatiu","tag-imatges","tag-stop-motion"],"post_mailing_queue_ids":[],"_links":{"self":[{"href":"https:\/\/agora.xtec.cat\/esc-teresabergada\/wp-json\/wp\/v2\/posts\/3841","targetHints":{"allow":["GET"]}}],"collection":[{"href":"https:\/\/agora.xtec.cat\/esc-teresabergada\/wp-json\/wp\/v2\/posts"}],"about":[{"href":"https:\/\/agora.xtec.cat\/esc-teresabergada\/wp-json\/wp\/v2\/types\/post"}],"author":[{"embeddable":true,"href":"https:\/\/agora.xtec.cat\/esc-teresabergada\/wp-json\/wp\/v2\/users\/16"}],"replies":[{"embeddable":true,"href":"https:\/\/agora.xtec.cat\/esc-teresabergada\/wp-json\/wp\/v2\/comments?post=3841"}],"version-history":[{"count":2,"href":"https:\/\/agora.xtec.cat\/esc-teresabergada\/wp-json\/wp\/v2\/posts\/3841\/revisions"}],"predecessor-version":[{"id":3844,"href":"https:\/\/agora.xtec.cat\/esc-teresabergada\/wp-json\/wp\/v2\/posts\/3841\/revisions\/3844"}],"wp:featuredmedia":[{"embeddable":true,"href":"https:\/\/agora.xtec.cat\/esc-teresabergada\/wp-json\/wp\/v2\/media\/3842"}],"wp:attachment":[{"href":"https:\/\/agora.xtec.cat\/esc-teresabergada\/wp-json\/wp\/v2\/media?parent=3841"}],"wp:term":[{"taxonomy":"category","embeddable":true,"href":"https:\/\/agora.xtec.cat\/esc-teresabergada\/wp-json\/wp\/v2\/categories?post=3841"},{"taxonomy":"post_tag","embeddable":true,"href":"https:\/\/agora.xtec.cat\/esc-teresabergada\/wp-json\/wp\/v2\/tags?post=3841"}],"curies":[{"name":"wp","href":"https:\/\/api.w.org\/{rel}","templated":true}]}}