{"id":3824,"date":"2019-01-10T14:05:54","date_gmt":"2019-01-10T13:05:54","guid":{"rendered":"http:\/\/agora.xtec.cat\/esc-teresabergada\/?p=3824"},"modified":"2019-09-27T18:13:33","modified_gmt":"2019-09-27T16:13:33","slug":"assagem-lexposicio-del-projecte-de-medi","status":"publish","type":"post","link":"https:\/\/agora.xtec.cat\/esc-teresabergada\/general\/assagem-lexposicio-del-projecte-de-medi\/","title":{"rendered":"Assagem l&#8217;exposici\u00f3 del Projecte de Medi"},"content":{"rendered":"<p><a href=\"https:\/\/agora.xtec.cat\/esc-teresabergada\/wp-content\/uploads\/usu1533\/2019\/01\/IMG_4562.jpg\"><img loading=\"lazy\" decoding=\"async\" class=\"alignnone size-large wp-image-3825\" src=\"https:\/\/agora.xtec.cat\/esc-teresabergada\/wp-content\/uploads\/usu1533\/2019\/01\/IMG_4562-1024x768.jpg\" alt=\"\" width=\"1024\" height=\"768\" \/><\/a><\/p>\n<p><a href=\"https:\/\/agora.xtec.cat\/esc-teresabergada\/wp-content\/uploads\/usu1533\/2019\/01\/IMG_5082.png\"><strong>Durant aquestes setmanes els nens i nenes de cicle mitj\u00e0 estem assajant i preparant la exposici\u00f3 que us farem a vosaltres fam\u00edlies. Ho estem fent amb moltes ganes i esperem que el resultat final sigui el millor! Gr\u00e0cies per mirar-nos (Hem passat una mica de vergonya i de nervis per\u00f2 estem preparats!)<\/strong><img loading=\"lazy\" decoding=\"async\" class=\"alignnone size-full wp-image-3827\" src=\"https:\/\/agora.xtec.cat\/esc-teresabergada\/wp-content\/uploads\/usu1533\/2019\/01\/IMG_5082.png\" alt=\"\" width=\"359\" height=\"640\" \/><\/a><a href=\"https:\/\/agora.xtec.cat\/esc-teresabergada\/wp-content\/uploads\/usu1533\/2019\/01\/IMG_5083.png\"><img loading=\"lazy\" decoding=\"async\" class=\"alignnone size-full wp-image-3828\" src=\"https:\/\/agora.xtec.cat\/esc-teresabergada\/wp-content\/uploads\/usu1533\/2019\/01\/IMG_5083.png\" alt=\"\" width=\"359\" height=\"640\" \/><\/a><a href=\"https:\/\/agora.xtec.cat\/esc-teresabergada\/wp-content\/uploads\/usu1533\/2019\/01\/IMG_5084.png\"><img loading=\"lazy\" decoding=\"async\" class=\"alignnone size-full wp-image-3829\" src=\"https:\/\/agora.xtec.cat\/esc-teresabergada\/wp-content\/uploads\/usu1533\/2019\/01\/IMG_5084.png\" alt=\"\" width=\"359\" height=\"640\" \/><\/a><a href=\"https:\/\/agora.xtec.cat\/esc-teresabergada\/wp-content\/uploads\/usu1533\/2019\/01\/IMG_5085.png\"><img loading=\"lazy\" decoding=\"async\" class=\"alignnone size-full wp-image-3830\" src=\"https:\/\/agora.xtec.cat\/esc-teresabergada\/wp-content\/uploads\/usu1533\/2019\/01\/IMG_5085.png\" alt=\"\" width=\"359\" height=\"640\" \/><\/a><a href=\"https:\/\/agora.xtec.cat\/esc-teresabergada\/wp-content\/uploads\/usu1533\/2019\/01\/IMG_5080.png\"><img loading=\"lazy\" decoding=\"async\" class=\"alignnone size-full wp-image-3831\" src=\"https:\/\/agora.xtec.cat\/esc-teresabergada\/wp-content\/uploads\/usu1533\/2019\/01\/IMG_5080.png\" alt=\"\" width=\"359\" height=\"640\" \/><\/a><a href=\"https:\/\/agora.xtec.cat\/esc-teresabergada\/wp-content\/uploads\/usu1533\/2019\/01\/IMG_5081.png\"><img loading=\"lazy\" decoding=\"async\" class=\"alignnone size-full wp-image-3832\" src=\"https:\/\/agora.xtec.cat\/esc-teresabergada\/wp-content\/uploads\/usu1533\/2019\/01\/IMG_5081.png\" alt=\"\" width=\"359\" height=\"640\" \/><\/a><\/p>\n","protected":false},"excerpt":{"rendered":"<p><a href=\"https:\/\/agora.xtec.cat\/esc-teresabergada\/wp-content\/uploads\/usu1533\/2019\/01\/IMG_4562.jpg\"><\/a><br \/>\n<a href=\"https:\/\/agora.xtec.cat\/esc-teresabergada\/wp-content\/uploads\/usu1533\/2019\/01\/IMG_5082.png\">Durant aquestes setmanes els nens i nenes de cicle mitj\u00e0 estem assajant i preparant la exposici\u00f3 que us farem a vosaltres fam\u00edlies. Ho estem fent amb moltes ganes i esperem que el resultat final sigui el millor! Gr\u00e0cies per mirar-nos (Hem passat una&hellip;  <a href=\"https:\/\/agora.xtec.cat\/esc-teresabergada\/general\/assagem-lexposicio-del-projecte-de-medi\/\" title=\"Read Assagem l&#8217;exposici\u00f3 del Projecte de Medi\">Llegeix m\u00e9s\u00bb<\/a><\/p>\n","protected":false},"author":28,"featured_media":0,"comment_status":"open","ping_status":"closed","sticky":false,"template":"","format":"standard","meta":{"_bbp_topic_count":0,"_bbp_reply_count":0,"_bbp_total_topic_count":0,"_bbp_total_reply_count":0,"_bbp_voice_count":0,"_bbp_anonymous_reply_count":0,"_bbp_topic_count_hidden":0,"_bbp_reply_count_hidden":0,"_bbp_forum_subforum_count":0,"footnotes":""},"categories":[349,392,1],"tags":[],"class_list":["post-3824","post","type-post","status-publish","format-standard","hentry","category-5e","category-catalunya","category-general"],"post_mailing_queue_ids":[],"_links":{"self":[{"href":"https:\/\/agora.xtec.cat\/esc-teresabergada\/wp-json\/wp\/v2\/posts\/3824","targetHints":{"allow":["GET"]}}],"collection":[{"href":"https:\/\/agora.xtec.cat\/esc-teresabergada\/wp-json\/wp\/v2\/posts"}],"about":[{"href":"https:\/\/agora.xtec.cat\/esc-teresabergada\/wp-json\/wp\/v2\/types\/post"}],"author":[{"embeddable":true,"href":"https:\/\/agora.xtec.cat\/esc-teresabergada\/wp-json\/wp\/v2\/users\/28"}],"replies":[{"embeddable":true,"href":"https:\/\/agora.xtec.cat\/esc-teresabergada\/wp-json\/wp\/v2\/comments?post=3824"}],"version-history":[{"count":3,"href":"https:\/\/agora.xtec.cat\/esc-teresabergada\/wp-json\/wp\/v2\/posts\/3824\/revisions"}],"predecessor-version":[{"id":3835,"href":"https:\/\/agora.xtec.cat\/esc-teresabergada\/wp-json\/wp\/v2\/posts\/3824\/revisions\/3835"}],"wp:attachment":[{"href":"https:\/\/agora.xtec.cat\/esc-teresabergada\/wp-json\/wp\/v2\/media?parent=3824"}],"wp:term":[{"taxonomy":"category","embeddable":true,"href":"https:\/\/agora.xtec.cat\/esc-teresabergada\/wp-json\/wp\/v2\/categories?post=3824"},{"taxonomy":"post_tag","embeddable":true,"href":"https:\/\/agora.xtec.cat\/esc-teresabergada\/wp-json\/wp\/v2\/tags?post=3824"}],"curies":[{"name":"wp","href":"https:\/\/api.w.org\/{rel}","templated":true}]}}