{"id":3790,"date":"2019-01-07T13:07:02","date_gmt":"2019-01-07T12:07:02","guid":{"rendered":"http:\/\/agora.xtec.cat\/esc-teresabergada\/?p=3790"},"modified":"2020-09-09T21:50:33","modified_gmt":"2020-09-09T19:50:33","slug":"caixa-de-la-vida-den-marti","status":"publish","type":"post","link":"https:\/\/agora.xtec.cat\/esc-teresabergada\/infantil\/i5\/caixa-de-la-vida-den-marti\/","title":{"rendered":"Caixa de la vida d&#8217;en MART\u00cd"},"content":{"rendered":"<p>En Mart\u00ed i la seva mare ens van ensenyar la caixa de la vida i tots els seus tresors.<\/p>\n<p>Primer en Mart\u00ed ens va ensenyar unes sabatetes i un xumet , despr\u00e9s el nino que sempre li feia companyia quan era petit, i per \u00faltim unes fotos seves i de la seva germana petita, l&#8217;Abril-<\/p>\n<p>Gr\u00e0cies per compartir amb nosaltres aquests tresors.<\/p>\n<p>Per veure m\u00e9s fotografies clicar a la imatge.<\/p>\n<figure class=\"figure wp-caption alignnone\"><a href=\"https:\/\/photos.app.goo.gl\/WA1rQxJaApLZzEM28\"><img loading=\"lazy\" decoding=\"async\" class=\"wp-image-3791 \" src=\"https:\/\/agora.xtec.cat\/esc-teresabergada\/wp-content\/uploads\/usu1533\/2019\/01\/IMG_20181129_151857-1024x768.jpg\" alt=\"\" width=\"462\" height=\"346\" \/><\/a><figcaption class=\"wp-caption-text\">\u00b7<\/figcaption><\/figure>\n<p>&nbsp;<\/p>\n<p>&nbsp;<\/p>\n<p>&nbsp;<\/p>\n","protected":false},"excerpt":{"rendered":"<p>En Mart\u00ed i la seva mare ens van ensenyar la caixa de la vida i tots els seus tresors.<br \/>\nPrimer en Mart\u00ed ens va ensenyar unes sabatetes i un xumet , despr\u00e9s el nino que sempre li feia companyia quan era petit, i per \u00faltim unes&hellip;  <a href=\"https:\/\/agora.xtec.cat\/esc-teresabergada\/infantil\/i5\/caixa-de-la-vida-den-marti\/\" title=\"Read Caixa de la vida d&#8217;en MART\u00cd\">Llegeix m\u00e9s\u00bb<\/a><\/p>\n","protected":false},"author":1,"featured_media":0,"comment_status":"open","ping_status":"closed","sticky":false,"template":"","format":"standard","meta":{"_bbp_topic_count":0,"_bbp_reply_count":0,"_bbp_total_topic_count":0,"_bbp_total_reply_count":0,"_bbp_voice_count":0,"_bbp_anonymous_reply_count":0,"_bbp_topic_count_hidden":0,"_bbp_reply_count_hidden":0,"_bbp_forum_subforum_count":0,"footnotes":""},"categories":[251],"tags":[],"class_list":["post-3790","post","type-post","status-publish","format-standard","hentry","category-i5"],"post_mailing_queue_ids":[],"_links":{"self":[{"href":"https:\/\/agora.xtec.cat\/esc-teresabergada\/wp-json\/wp\/v2\/posts\/3790","targetHints":{"allow":["GET"]}}],"collection":[{"href":"https:\/\/agora.xtec.cat\/esc-teresabergada\/wp-json\/wp\/v2\/posts"}],"about":[{"href":"https:\/\/agora.xtec.cat\/esc-teresabergada\/wp-json\/wp\/v2\/types\/post"}],"author":[{"embeddable":true,"href":"https:\/\/agora.xtec.cat\/esc-teresabergada\/wp-json\/wp\/v2\/users\/1"}],"replies":[{"embeddable":true,"href":"https:\/\/agora.xtec.cat\/esc-teresabergada\/wp-json\/wp\/v2\/comments?post=3790"}],"version-history":[{"count":3,"href":"https:\/\/agora.xtec.cat\/esc-teresabergada\/wp-json\/wp\/v2\/posts\/3790\/revisions"}],"predecessor-version":[{"id":3796,"href":"https:\/\/agora.xtec.cat\/esc-teresabergada\/wp-json\/wp\/v2\/posts\/3790\/revisions\/3796"}],"wp:attachment":[{"href":"https:\/\/agora.xtec.cat\/esc-teresabergada\/wp-json\/wp\/v2\/media?parent=3790"}],"wp:term":[{"taxonomy":"category","embeddable":true,"href":"https:\/\/agora.xtec.cat\/esc-teresabergada\/wp-json\/wp\/v2\/categories?post=3790"},{"taxonomy":"post_tag","embeddable":true,"href":"https:\/\/agora.xtec.cat\/esc-teresabergada\/wp-json\/wp\/v2\/tags?post=3790"}],"curies":[{"name":"wp","href":"https:\/\/api.w.org\/{rel}","templated":true}]}}