{"id":3752,"date":"2018-12-20T22:54:21","date_gmt":"2018-12-20T21:54:21","guid":{"rendered":"http:\/\/agora.xtec.cat\/esc-teresabergada\/?p=3752"},"modified":"2019-09-27T13:33:48","modified_gmt":"2019-09-27T11:33:48","slug":"que-comience-el-espectaculo","status":"publish","type":"post","link":"https:\/\/agora.xtec.cat\/esc-teresabergada\/blocs-de-primaria\/4t\/que-comience-el-espectaculo\/","title":{"rendered":"\u00a1 Que comience el espect\u00e1culo!"},"content":{"rendered":"<p style=\"text-align: justify;\">Com a segon any consecutiu, les alumnes i els alumnes de segon preparen una obra de teatre.<\/p>\n<p style=\"text-align: justify;\">Aquest curs s&#8217;ha optat per teatralitzar dos propostes de la col\u00b7lecci\u00f3 Contes Desexplicats de l&#8217;editorial Baula: Blancaneus i els 7 nans polits i La Princesa dels Matalassos.<\/p>\n<p style=\"text-align: justify;\">Fer una proposta educativa on l&#8217;eix vertebrador \u00e9s el teatre ens permet fer brollar aprenentatges \u00a0interdisciplinars, significatius i emotius; doncs els vostres fills i filles no nom\u00e9s es queden amb continguts propis de l&#8217;\u00e0mbit ling\u00fc\u00edstic (lectura expressiva, caracter\u00edstiques pr\u00f2pies del g\u00e8nere teatral, confecci\u00f3 d&#8217;un cartell incorporant tots els seus elements, escriptura creativa confeccionant un nou final pel conte&#8230;), sin\u00f3 que tamb\u00e9 s&#8217;ha potenciat la mem\u00f2ria de manera significativa i el m\u00e9s important: s&#8217;han enfortit els vincles del grup.<\/p>\n<p>Esperem que gaudiu molt dels vostres grans artistes!<\/p>\n<p><iframe loading=\"lazy\" title=\"Teatro2nA 1819\" width=\"500\" height=\"281\" src=\"https:\/\/www.youtube.com\/embed\/KitlpVp4OyY?feature=oembed\" frameborder=\"0\" allow=\"accelerometer; autoplay; clipboard-write; encrypted-media; gyroscope; picture-in-picture; web-share\" referrerpolicy=\"strict-origin-when-cross-origin\" allowfullscreen><\/iframe><\/p>\n<p>&nbsp;<\/p>\n<p><iframe loading=\"lazy\" title=\"Teatro2oB1819\" width=\"500\" height=\"281\" src=\"https:\/\/www.youtube.com\/embed\/kYdTI99JPOQ?feature=oembed\" frameborder=\"0\" allow=\"accelerometer; autoplay; clipboard-write; encrypted-media; gyroscope; picture-in-picture; web-share\" referrerpolicy=\"strict-origin-when-cross-origin\" allowfullscreen><\/iframe><\/p>\n<p>&nbsp;<\/p>\n<p style=\"text-align: left;\">I per \u00faltim, un petit recull fotogr\u00e0fic.<\/p>\n<p style=\"text-align: center;\">(feu clic a la imatge)<\/p>\n<p><a href=\"https:\/\/photos.app.goo.gl\/aXTLs25GRZHuL68z7\" target=\"_blank\" rel=\"noopener noreferrer\"><img loading=\"lazy\" decoding=\"async\" class=\"aligncenter wp-image-3757 size-full\" src=\"https:\/\/agora.xtec.cat\/esc-teresabergada\/wp-content\/uploads\/usu1533\/2018\/12\/Blue-Red-Bordered-Greeting-Veterans-Day-Card.jpg\" alt=\"\" width=\"559\" height=\"397\" srcset=\"https:\/\/agora.xtec.cat\/esc-teresabergada\/wp-content\/uploads\/usu1533\/2018\/12\/Blue-Red-Bordered-Greeting-Veterans-Day-Card.jpg 559w, https:\/\/agora.xtec.cat\/esc-teresabergada\/wp-content\/uploads\/usu1533\/2018\/12\/Blue-Red-Bordered-Greeting-Veterans-Day-Card-300x213.jpg 300w\" sizes=\"auto, (max-width: 559px) 100vw, 559px\" \/><\/a><\/p>\n","protected":false},"excerpt":{"rendered":"<p>Com a segon any consecutiu, les alumnes i els alumnes de segon preparen una obra de teatre.<br \/>\nAquest curs s&#8217;ha optat per teatralitzar dos propostes de la col\u00b7lecci\u00f3 Contes Desexplicats de l&#8217;editorial Baula: Blancaneus i els 7 nans polits i La Princesa dels Matalassos.<br \/>\nFer una proposta&hellip;  <a href=\"https:\/\/agora.xtec.cat\/esc-teresabergada\/blocs-de-primaria\/4t\/que-comience-el-espectaculo\/\" title=\"Read \u00a1 Que comience el espect\u00e1culo!\">Llegeix m\u00e9s\u00bb<\/a><\/p>\n","protected":false},"author":1,"featured_media":3757,"comment_status":"open","ping_status":"closed","sticky":false,"template":"","format":"standard","meta":{"_bbp_topic_count":0,"_bbp_reply_count":0,"_bbp_total_topic_count":0,"_bbp_total_reply_count":0,"_bbp_voice_count":0,"_bbp_anonymous_reply_count":0,"_bbp_topic_count_hidden":0,"_bbp_reply_count_hidden":0,"_bbp_forum_subforum_count":0,"footnotes":""},"categories":[250],"tags":[135,63,270,254,363],"class_list":["post-3752","post","type-post","status-publish","format-standard","has-post-thumbnail","hentry","category-4t","tag-cicle-inicial","tag-lectura","tag-teatro","tag-tipologies-textuals","tag-treball-cooperatiu"],"post_mailing_queue_ids":[],"_links":{"self":[{"href":"https:\/\/agora.xtec.cat\/esc-teresabergada\/wp-json\/wp\/v2\/posts\/3752","targetHints":{"allow":["GET"]}}],"collection":[{"href":"https:\/\/agora.xtec.cat\/esc-teresabergada\/wp-json\/wp\/v2\/posts"}],"about":[{"href":"https:\/\/agora.xtec.cat\/esc-teresabergada\/wp-json\/wp\/v2\/types\/post"}],"author":[{"embeddable":true,"href":"https:\/\/agora.xtec.cat\/esc-teresabergada\/wp-json\/wp\/v2\/users\/1"}],"replies":[{"embeddable":true,"href":"https:\/\/agora.xtec.cat\/esc-teresabergada\/wp-json\/wp\/v2\/comments?post=3752"}],"version-history":[{"count":3,"href":"https:\/\/agora.xtec.cat\/esc-teresabergada\/wp-json\/wp\/v2\/posts\/3752\/revisions"}],"predecessor-version":[{"id":4895,"href":"https:\/\/agora.xtec.cat\/esc-teresabergada\/wp-json\/wp\/v2\/posts\/3752\/revisions\/4895"}],"wp:featuredmedia":[{"embeddable":true,"href":"https:\/\/agora.xtec.cat\/esc-teresabergada\/wp-json\/wp\/v2\/media\/3757"}],"wp:attachment":[{"href":"https:\/\/agora.xtec.cat\/esc-teresabergada\/wp-json\/wp\/v2\/media?parent=3752"}],"wp:term":[{"taxonomy":"category","embeddable":true,"href":"https:\/\/agora.xtec.cat\/esc-teresabergada\/wp-json\/wp\/v2\/categories?post=3752"},{"taxonomy":"post_tag","embeddable":true,"href":"https:\/\/agora.xtec.cat\/esc-teresabergada\/wp-json\/wp\/v2\/tags?post=3752"}],"curies":[{"name":"wp","href":"https:\/\/api.w.org\/{rel}","templated":true}]}}