{"id":3723,"date":"2018-12-06T18:35:52","date_gmt":"2018-12-06T17:35:52","guid":{"rendered":"http:\/\/agora.xtec.cat\/esc-teresabergada\/?p=3723"},"modified":"2020-09-09T21:44:49","modified_gmt":"2020-09-09T19:44:49","slug":"la-capsa-de-la-vida-de-la-berta","status":"publish","type":"post","link":"https:\/\/agora.xtec.cat\/esc-teresabergada\/infantil\/i5\/la-capsa-de-la-vida-de-la-berta\/","title":{"rendered":"LA CAPSA DE LA VIDA DE LA BERTA"},"content":{"rendered":"<p><em>La capsa de la vida de la Berta\u00a0 ja ha arribat!. Tota la fam\u00edlia de la Berta ha vingut a presentar els tresors d&#8217;aquesta capsa tan bonica per fora i per dins, decorada amb el seu nom i amb botons de colors enganxats. Qu\u00e8 contenta, la Berta, perqu\u00e8 tamb\u00e9 ha vingut la C\u00e8lia, la seva germaneta, acompanyada dels seus pares, l&#8217;Aida i el Rub\u00e9n.<\/em><\/p>\n<p><em>Primer ens ha ensenyat un bolquer molt petit\u00f3, de quan va n\u00e9ixer, i que ara li podria posar a la C\u00e8lia o a les seves nines. Tamb\u00e9 ens ha presentat el seu xumet i el seu biber\u00f3. A tots els nens i les nenes de la classe, els ha agradat molt. Finalment, hi havia un petit \u00e0lbum ple de fotos de les persones importants per ella. Ha deixat tocar les seves coses, a la resta de nens i nenes, i ha desat la capsa\u00a0 al prestatge de capses de vida de la nostra classe.<\/em><\/p>\n<p><a href=\"https:\/\/agora.xtec.cat\/esc-teresabergada\/wp-content\/uploads\/usu1533\/2018\/12\/20181205_155134-2.jpg\"><img loading=\"lazy\" decoding=\"async\" class=\"alignnone wp-image-3726\" src=\"https:\/\/agora.xtec.cat\/esc-teresabergada\/wp-content\/uploads\/usu1533\/2018\/12\/20181205_155134-2-1024x922.jpg\" alt=\"\" width=\"625\" height=\"562\" \/><\/a><\/p>\n<p>Podeu clicar <a href=\"https:\/\/photos.app.goo.gl\/8wCenSJmfgBVFYkJ7\"><strong>aqu\u00ed<\/strong><\/a> per veure les imatges.<\/p>\n","protected":false},"excerpt":{"rendered":"<p>La capsa de la vida de la Berta\u00a0 ja ha arribat!. Tota la fam\u00edlia de la Berta ha vingut a presentar els tresors d&#8217;aquesta capsa tan bonica per fora i per dins, decorada amb el seu nom i amb botons de colors enganxats. Qu\u00e8 contenta,&hellip;  <a href=\"https:\/\/agora.xtec.cat\/esc-teresabergada\/infantil\/i5\/la-capsa-de-la-vida-de-la-berta\/\" title=\"Read LA CAPSA DE LA VIDA DE LA BERTA\">Llegeix m\u00e9s\u00bb<\/a><\/p>\n","protected":false},"author":12,"featured_media":0,"comment_status":"open","ping_status":"closed","sticky":false,"template":"","format":"standard","meta":{"_bbp_topic_count":0,"_bbp_reply_count":0,"_bbp_total_topic_count":0,"_bbp_total_reply_count":0,"_bbp_voice_count":0,"_bbp_anonymous_reply_count":0,"_bbp_topic_count_hidden":0,"_bbp_reply_count_hidden":0,"_bbp_forum_subforum_count":0,"footnotes":""},"categories":[251],"tags":[317],"class_list":["post-3723","post","type-post","status-publish","format-standard","hentry","category-i5","tag-capses-de-vida"],"post_mailing_queue_ids":[],"_links":{"self":[{"href":"https:\/\/agora.xtec.cat\/esc-teresabergada\/wp-json\/wp\/v2\/posts\/3723","targetHints":{"allow":["GET"]}}],"collection":[{"href":"https:\/\/agora.xtec.cat\/esc-teresabergada\/wp-json\/wp\/v2\/posts"}],"about":[{"href":"https:\/\/agora.xtec.cat\/esc-teresabergada\/wp-json\/wp\/v2\/types\/post"}],"author":[{"embeddable":true,"href":"https:\/\/agora.xtec.cat\/esc-teresabergada\/wp-json\/wp\/v2\/users\/12"}],"replies":[{"embeddable":true,"href":"https:\/\/agora.xtec.cat\/esc-teresabergada\/wp-json\/wp\/v2\/comments?post=3723"}],"version-history":[{"count":2,"href":"https:\/\/agora.xtec.cat\/esc-teresabergada\/wp-json\/wp\/v2\/posts\/3723\/revisions"}],"predecessor-version":[{"id":3728,"href":"https:\/\/agora.xtec.cat\/esc-teresabergada\/wp-json\/wp\/v2\/posts\/3723\/revisions\/3728"}],"wp:attachment":[{"href":"https:\/\/agora.xtec.cat\/esc-teresabergada\/wp-json\/wp\/v2\/media?parent=3723"}],"wp:term":[{"taxonomy":"category","embeddable":true,"href":"https:\/\/agora.xtec.cat\/esc-teresabergada\/wp-json\/wp\/v2\/categories?post=3723"},{"taxonomy":"post_tag","embeddable":true,"href":"https:\/\/agora.xtec.cat\/esc-teresabergada\/wp-json\/wp\/v2\/tags?post=3723"}],"curies":[{"name":"wp","href":"https:\/\/api.w.org\/{rel}","templated":true}]}}