{"id":3698,"date":"2018-12-02T22:07:12","date_gmt":"2018-12-02T21:07:12","guid":{"rendered":"http:\/\/agora.xtec.cat\/esc-teresabergada\/?p=3698"},"modified":"2020-09-09T21:43:05","modified_gmt":"2020-09-09T19:43:05","slug":"la-caixa-de-la-vida-de-la-carla","status":"publish","type":"post","link":"https:\/\/agora.xtec.cat\/esc-teresabergada\/infantil\/i5\/la-caixa-de-la-vida-de-la-carla\/","title":{"rendered":"LA CAPSA DE LA VIDA DE LA CARLA"},"content":{"rendered":"<p><em>La Carla ja ens ha portat la seva Capsa de la vida! Qu\u00e8 b\u00e9 s&#8217;ho ha passat explicant cada tresor, amb l&#8217;ajut de la Isa, la seva mare. Ens ha presentat al seu primer peluix, un potet de fer bombolles i els dos xumets que s&#8217;emporta cada nit per tenir dol\u00e7os somnis. Van compartir amb nosaltres per a qu\u00e8 fa servir el segon xumet i \u00e9s molt divertit: per fer-se pessigolles al nas. Qu\u00e8 divertit!. Hem gaudit molt amb aquesta capsa que duu la seva\u00a0 lletra &#8220;C&#8221; molt gran.<\/em><\/p>\n<p><a href=\"https:\/\/agora.xtec.cat\/esc-teresabergada\/wp-content\/uploads\/usu1533\/2018\/12\/carla.jpg\"><img loading=\"lazy\" decoding=\"async\" class=\"alignnone wp-image-3699\" src=\"https:\/\/agora.xtec.cat\/esc-teresabergada\/wp-content\/uploads\/usu1533\/2018\/12\/carla-1024x576.jpg\" alt=\"\" width=\"687\" height=\"387\" \/><\/a><\/p>\n<p>Si voleu veure les imatges d&#8217;aquests moments, cliqueu\u00a0 <a href=\"https:\/\/photos.app.goo.gl\/4cAZ8cSDJzWuoXyx5\"><strong>aqu\u00ed<\/strong><\/a>.<\/p>\n<p>&nbsp;<\/p>\n","protected":false},"excerpt":{"rendered":"<p>La Carla ja ens ha portat la seva Capsa de la vida! Qu\u00e8 b\u00e9 s&#8217;ho ha passat explicant cada tresor, amb l&#8217;ajut de la Isa, la seva mare. Ens ha presentat al seu primer peluix, un potet de fer bombolles i els dos xumets que&hellip;  <a href=\"https:\/\/agora.xtec.cat\/esc-teresabergada\/infantil\/i5\/la-caixa-de-la-vida-de-la-carla\/\" title=\"Read LA CAPSA DE LA VIDA DE LA CARLA\">Llegeix m\u00e9s\u00bb<\/a><\/p>\n","protected":false},"author":12,"featured_media":0,"comment_status":"open","ping_status":"closed","sticky":false,"template":"","format":"standard","meta":{"_bbp_topic_count":0,"_bbp_reply_count":0,"_bbp_total_topic_count":0,"_bbp_total_reply_count":0,"_bbp_voice_count":0,"_bbp_anonymous_reply_count":0,"_bbp_topic_count_hidden":0,"_bbp_reply_count_hidden":0,"_bbp_forum_subforum_count":0,"footnotes":""},"categories":[251],"tags":[317],"class_list":["post-3698","post","type-post","status-publish","format-standard","hentry","category-i5","tag-capses-de-vida"],"post_mailing_queue_ids":[],"_links":{"self":[{"href":"https:\/\/agora.xtec.cat\/esc-teresabergada\/wp-json\/wp\/v2\/posts\/3698","targetHints":{"allow":["GET"]}}],"collection":[{"href":"https:\/\/agora.xtec.cat\/esc-teresabergada\/wp-json\/wp\/v2\/posts"}],"about":[{"href":"https:\/\/agora.xtec.cat\/esc-teresabergada\/wp-json\/wp\/v2\/types\/post"}],"author":[{"embeddable":true,"href":"https:\/\/agora.xtec.cat\/esc-teresabergada\/wp-json\/wp\/v2\/users\/12"}],"replies":[{"embeddable":true,"href":"https:\/\/agora.xtec.cat\/esc-teresabergada\/wp-json\/wp\/v2\/comments?post=3698"}],"version-history":[{"count":3,"href":"https:\/\/agora.xtec.cat\/esc-teresabergada\/wp-json\/wp\/v2\/posts\/3698\/revisions"}],"predecessor-version":[{"id":3711,"href":"https:\/\/agora.xtec.cat\/esc-teresabergada\/wp-json\/wp\/v2\/posts\/3698\/revisions\/3711"}],"wp:attachment":[{"href":"https:\/\/agora.xtec.cat\/esc-teresabergada\/wp-json\/wp\/v2\/media?parent=3698"}],"wp:term":[{"taxonomy":"category","embeddable":true,"href":"https:\/\/agora.xtec.cat\/esc-teresabergada\/wp-json\/wp\/v2\/categories?post=3698"},{"taxonomy":"post_tag","embeddable":true,"href":"https:\/\/agora.xtec.cat\/esc-teresabergada\/wp-json\/wp\/v2\/tags?post=3698"}],"curies":[{"name":"wp","href":"https:\/\/api.w.org\/{rel}","templated":true}]}}