{"id":3693,"date":"2018-12-02T21:41:58","date_gmt":"2018-12-02T20:41:58","guid":{"rendered":"http:\/\/agora.xtec.cat\/esc-teresabergada\/?p=3693"},"modified":"2020-09-09T21:42:48","modified_gmt":"2020-09-09T19:42:48","slug":"la-caixa-de-la-vida-de-liria","status":"publish","type":"post","link":"https:\/\/agora.xtec.cat\/esc-teresabergada\/infantil\/i5\/la-caixa-de-la-vida-de-liria\/","title":{"rendered":"LA CAPSA DE LA VIDA DE L&#8217;\u00cdRIA"},"content":{"rendered":"<p><em>L&#8217;\u00cdria i la seva mare, la No\u00e8lia, ens han portat la Capsa de la vida. Ha estat molt emocionant per les dues. L&#8217;\u00cdria ens ha ensenyat l&#8217;Eva, la seva primera nina, les dues orles amb els seus companys i companyes de les escoles bressol i un \u00e0lbum entranyable amb fotografies de les persones estimades. Tot uns tresors que hem pogut i podrem gaudir durant tot el curs.<\/em><\/p>\n<p><a href=\"https:\/\/agora.xtec.cat\/esc-teresabergada\/wp-content\/uploads\/usu1533\/2018\/12\/20181119_113543.jpg\"><img loading=\"lazy\" decoding=\"async\" class=\"alignnone wp-image-3694\" src=\"https:\/\/agora.xtec.cat\/esc-teresabergada\/wp-content\/uploads\/usu1533\/2018\/12\/20181119_113543-1024x576.jpg\" alt=\"\" width=\"665\" height=\"374\" \/><\/a><\/p>\n<p><em>Si voleu veure les fotografies d&#8217;aquells\u00a0 moments, cliqueu<\/em><a href=\"https:\/\/photos.app.goo.gl\/hm3G9jCpY2sJJfpX6\"><strong> aqu\u00ed<\/strong><\/a>.<\/p>\n","protected":false},"excerpt":{"rendered":"<p>L&#8217;\u00cdria i la seva mare, la No\u00e8lia, ens han portat la Capsa de la vida. Ha estat molt emocionant per les dues. L&#8217;\u00cdria ens ha ensenyat l&#8217;Eva, la seva primera nina, les dues orles amb els seus companys i companyes de les escoles bressol i&hellip;  <a href=\"https:\/\/agora.xtec.cat\/esc-teresabergada\/infantil\/i5\/la-caixa-de-la-vida-de-liria\/\" title=\"Read LA CAPSA DE LA VIDA DE L&#8217;\u00cdRIA\">Llegeix m\u00e9s\u00bb<\/a><\/p>\n","protected":false},"author":12,"featured_media":0,"comment_status":"open","ping_status":"closed","sticky":false,"template":"","format":"standard","meta":{"_bbp_topic_count":0,"_bbp_reply_count":0,"_bbp_total_topic_count":0,"_bbp_total_reply_count":0,"_bbp_voice_count":0,"_bbp_anonymous_reply_count":0,"_bbp_topic_count_hidden":0,"_bbp_reply_count_hidden":0,"_bbp_forum_subforum_count":0,"footnotes":""},"categories":[251],"tags":[317],"class_list":["post-3693","post","type-post","status-publish","format-standard","hentry","category-i5","tag-capses-de-vida"],"post_mailing_queue_ids":[],"_links":{"self":[{"href":"https:\/\/agora.xtec.cat\/esc-teresabergada\/wp-json\/wp\/v2\/posts\/3693","targetHints":{"allow":["GET"]}}],"collection":[{"href":"https:\/\/agora.xtec.cat\/esc-teresabergada\/wp-json\/wp\/v2\/posts"}],"about":[{"href":"https:\/\/agora.xtec.cat\/esc-teresabergada\/wp-json\/wp\/v2\/types\/post"}],"author":[{"embeddable":true,"href":"https:\/\/agora.xtec.cat\/esc-teresabergada\/wp-json\/wp\/v2\/users\/12"}],"replies":[{"embeddable":true,"href":"https:\/\/agora.xtec.cat\/esc-teresabergada\/wp-json\/wp\/v2\/comments?post=3693"}],"version-history":[{"count":3,"href":"https:\/\/agora.xtec.cat\/esc-teresabergada\/wp-json\/wp\/v2\/posts\/3693\/revisions"}],"predecessor-version":[{"id":3713,"href":"https:\/\/agora.xtec.cat\/esc-teresabergada\/wp-json\/wp\/v2\/posts\/3693\/revisions\/3713"}],"wp:attachment":[{"href":"https:\/\/agora.xtec.cat\/esc-teresabergada\/wp-json\/wp\/v2\/media?parent=3693"}],"wp:term":[{"taxonomy":"category","embeddable":true,"href":"https:\/\/agora.xtec.cat\/esc-teresabergada\/wp-json\/wp\/v2\/categories?post=3693"},{"taxonomy":"post_tag","embeddable":true,"href":"https:\/\/agora.xtec.cat\/esc-teresabergada\/wp-json\/wp\/v2\/tags?post=3693"}],"curies":[{"name":"wp","href":"https:\/\/api.w.org\/{rel}","templated":true}]}}