{"id":3680,"date":"2018-11-26T23:17:53","date_gmt":"2018-11-26T22:17:53","guid":{"rendered":"http:\/\/agora.xtec.cat\/esc-teresabergada\/?p=3680"},"modified":"2020-09-07T18:08:10","modified_gmt":"2020-09-07T16:08:10","slug":"art-efimer-2","status":"publish","type":"post","link":"https:\/\/agora.xtec.cat\/esc-teresabergada\/general\/art-efimer-2\/","title":{"rendered":"ART EF\u00cdMER"},"content":{"rendered":"<p>La possibilitat de fer i desfer, crear i mirar, sense \u00e9sser jutjats pels adults, sense emetre judicis gratu\u00efts de les creacions dels infants,\u00a0 possibilita un gaudi immens i una injecci\u00f3 d\u00b4autoestima i creativitat.<\/p>\n<p>Si cliqueu damunt de la imatge veureu un petit audiovisual.<\/p>\n<p><a href=\"https:\/\/photos.app.goo.gl\/KBbuE73QeatbKNFG8\"><img loading=\"lazy\" decoding=\"async\" class=\"alignnone size-full wp-image-3681\" src=\"https:\/\/agora.xtec.cat\/esc-teresabergada\/wp-content\/uploads\/usu1533\/2018\/11\/tallers-de-tardor.jpg\" alt=\"\" width=\"800\" height=\"800\" \/><\/a><\/p>\n","protected":false},"excerpt":{"rendered":"<p>La possibilitat de fer i desfer, crear i mirar, sense \u00e9sser jutjats pels adults, sense emetre judicis gratu\u00efts de les creacions dels infants,\u00a0 possibilita un gaudi immens i una injecci\u00f3 d\u00b4autoestima i creativitat.<br \/>\nSi cliqueu damunt de la imatge veureu un petit audiovisual.<br \/>\n<a href=\"https:\/\/photos.app.goo.gl\/KBbuE73QeatbKNFG8\"><\/a><\/p>\n","protected":false},"author":1,"featured_media":0,"comment_status":"open","ping_status":"closed","sticky":false,"template":"","format":"standard","meta":{"_bbp_topic_count":0,"_bbp_reply_count":0,"_bbp_total_topic_count":0,"_bbp_total_reply_count":0,"_bbp_voice_count":0,"_bbp_anonymous_reply_count":0,"_bbp_topic_count_hidden":0,"_bbp_reply_count_hidden":0,"_bbp_forum_subforum_count":0,"footnotes":""},"categories":[348,1],"tags":[121],"class_list":["post-3680","post","type-post","status-publish","format-standard","hentry","category-1r","category-general","tag-educacio-infantil"],"post_mailing_queue_ids":[],"_links":{"self":[{"href":"https:\/\/agora.xtec.cat\/esc-teresabergada\/wp-json\/wp\/v2\/posts\/3680","targetHints":{"allow":["GET"]}}],"collection":[{"href":"https:\/\/agora.xtec.cat\/esc-teresabergada\/wp-json\/wp\/v2\/posts"}],"about":[{"href":"https:\/\/agora.xtec.cat\/esc-teresabergada\/wp-json\/wp\/v2\/types\/post"}],"author":[{"embeddable":true,"href":"https:\/\/agora.xtec.cat\/esc-teresabergada\/wp-json\/wp\/v2\/users\/1"}],"replies":[{"embeddable":true,"href":"https:\/\/agora.xtec.cat\/esc-teresabergada\/wp-json\/wp\/v2\/comments?post=3680"}],"version-history":[{"count":2,"href":"https:\/\/agora.xtec.cat\/esc-teresabergada\/wp-json\/wp\/v2\/posts\/3680\/revisions"}],"predecessor-version":[{"id":3683,"href":"https:\/\/agora.xtec.cat\/esc-teresabergada\/wp-json\/wp\/v2\/posts\/3680\/revisions\/3683"}],"wp:attachment":[{"href":"https:\/\/agora.xtec.cat\/esc-teresabergada\/wp-json\/wp\/v2\/media?parent=3680"}],"wp:term":[{"taxonomy":"category","embeddable":true,"href":"https:\/\/agora.xtec.cat\/esc-teresabergada\/wp-json\/wp\/v2\/categories?post=3680"},{"taxonomy":"post_tag","embeddable":true,"href":"https:\/\/agora.xtec.cat\/esc-teresabergada\/wp-json\/wp\/v2\/tags?post=3680"}],"curies":[{"name":"wp","href":"https:\/\/api.w.org\/{rel}","templated":true}]}}