{"id":3672,"date":"2018-11-26T19:57:29","date_gmt":"2018-11-26T18:57:29","guid":{"rendered":"http:\/\/agora.xtec.cat\/esc-teresabergada\/?p=3672"},"modified":"2020-09-07T18:08:18","modified_gmt":"2020-09-07T16:08:18","slug":"pintem-la-tardor-amb-vivaldi","status":"publish","type":"post","link":"https:\/\/agora.xtec.cat\/esc-teresabergada\/infantil\/pintem-la-tardor-amb-vivaldi\/","title":{"rendered":"PINTEM LA TARDOR AMB VIVALDI."},"content":{"rendered":"<p>Aquesta ha estat una tarda art\u00edstica. A partir de la rotllana i la conversa cultural relacionada amb l\u00b4estaci\u00f3 de la tardor, hem presentat els colors de la tardor a partir de la capsa de colors Montessori. Hem recordat quins eren els\u00a0 primaris (cian, magenta i groc) i quins eren els propis de la tardor.<\/p>\n<p>Seguidament, hem afinat la mirada i hem fet una gradaci\u00f3 de l\u00b4escala de colors des del clar ( els que estaven a prop de la llum de l\u00b4espelma) a fosc.<\/p>\n<p>Posteriorment,hem recordat a en Vivaldi i la seva audici\u00f3 de &#8220;Les quatre estacions&#8221; i ens hem posat mans a l\u00b4obra: hem pintat damunt del pl\u00e0stic !<\/p>\n<p>Uns pint\u00e0vem i altres observ\u00e0vem la pintura i el tra\u00e7 des d\u00b4una altra perspectiva&#8230;<\/p>\n<p>I \u00e9s que cadasc\u00fa t\u00e9 la seva percepci\u00f3 i la seva manera de processar&#8230; No hi ha una \u00fanica manera de mirar.. La diversitat existeix en totes les coses !<\/p>\n<p>Si cliqueu a la imatge podreu veure un petit recull audiovisual.<\/p>\n<figure class=\"figure wp-caption alignnone\"><a href=\"https:\/\/photos.app.goo.gl\/mZ5gsgMX87SjVe6WA\"><img loading=\"lazy\" decoding=\"async\" class=\"size-large wp-image-3673\" src=\"https:\/\/agora.xtec.cat\/esc-teresabergada\/wp-content\/uploads\/usu1533\/2018\/11\/IMG_20181126_152824-02-1024x768.jpeg\" alt=\"\" width=\"1024\" height=\"768\" \/><\/a><figcaption class=\"wp-caption-text\">dav<\/figcaption><\/figure>\n","protected":false},"excerpt":{"rendered":"<p>Aquesta ha estat una tarda art\u00edstica. A partir de la rotllana i la conversa cultural relacionada amb l\u00b4estaci\u00f3 de la tardor, hem presentat els colors de la tardor a partir de la capsa de colors Montessori. Hem recordat quins eren els\u00a0 primaris (cian, magenta i&hellip;  <a href=\"https:\/\/agora.xtec.cat\/esc-teresabergada\/infantil\/pintem-la-tardor-amb-vivaldi\/\" title=\"Read PINTEM LA TARDOR AMB VIVALDI.\">Llegeix m\u00e9s\u00bb<\/a><\/p>\n","protected":false},"author":1,"featured_media":0,"comment_status":"open","ping_status":"closed","sticky":false,"template":"","format":"standard","meta":{"_bbp_topic_count":0,"_bbp_reply_count":0,"_bbp_total_topic_count":0,"_bbp_total_reply_count":0,"_bbp_voice_count":0,"_bbp_anonymous_reply_count":0,"_bbp_topic_count_hidden":0,"_bbp_reply_count_hidden":0,"_bbp_forum_subforum_count":0,"footnotes":""},"categories":[348,2],"tags":[121],"class_list":["post-3672","post","type-post","status-publish","format-standard","hentry","category-1r","category-infantil","tag-educacio-infantil"],"post_mailing_queue_ids":[],"_links":{"self":[{"href":"https:\/\/agora.xtec.cat\/esc-teresabergada\/wp-json\/wp\/v2\/posts\/3672","targetHints":{"allow":["GET"]}}],"collection":[{"href":"https:\/\/agora.xtec.cat\/esc-teresabergada\/wp-json\/wp\/v2\/posts"}],"about":[{"href":"https:\/\/agora.xtec.cat\/esc-teresabergada\/wp-json\/wp\/v2\/types\/post"}],"author":[{"embeddable":true,"href":"https:\/\/agora.xtec.cat\/esc-teresabergada\/wp-json\/wp\/v2\/users\/1"}],"replies":[{"embeddable":true,"href":"https:\/\/agora.xtec.cat\/esc-teresabergada\/wp-json\/wp\/v2\/comments?post=3672"}],"version-history":[{"count":2,"href":"https:\/\/agora.xtec.cat\/esc-teresabergada\/wp-json\/wp\/v2\/posts\/3672\/revisions"}],"predecessor-version":[{"id":3675,"href":"https:\/\/agora.xtec.cat\/esc-teresabergada\/wp-json\/wp\/v2\/posts\/3672\/revisions\/3675"}],"wp:attachment":[{"href":"https:\/\/agora.xtec.cat\/esc-teresabergada\/wp-json\/wp\/v2\/media?parent=3672"}],"wp:term":[{"taxonomy":"category","embeddable":true,"href":"https:\/\/agora.xtec.cat\/esc-teresabergada\/wp-json\/wp\/v2\/categories?post=3672"},{"taxonomy":"post_tag","embeddable":true,"href":"https:\/\/agora.xtec.cat\/esc-teresabergada\/wp-json\/wp\/v2\/tags?post=3672"}],"curies":[{"name":"wp","href":"https:\/\/api.w.org\/{rel}","templated":true}]}}