{"id":3630,"date":"2018-11-19T09:58:42","date_gmt":"2018-11-19T08:58:42","guid":{"rendered":"http:\/\/agora.xtec.cat\/esc-teresabergada\/?p=3630"},"modified":"2018-11-19T15:36:40","modified_gmt":"2018-11-19T14:36:40","slug":"toc-toc-comenca-el-porta-a-porta","status":"publish","type":"post","link":"https:\/\/agora.xtec.cat\/esc-teresabergada\/general\/toc-toc-comenca-el-porta-a-porta\/","title":{"rendered":"TOC, TOC&#8230; Comen\u00e7a el &#8220;Porta a Porta&#8221;"},"content":{"rendered":"<p>Aquesta setmana\u00a0 Alguaire s&#8217;estrena amb la recollida selectiva Porta a Porta (PAP).<\/p>\n<p><strong>En qu\u00e8 consisteix?<\/strong><\/p>\n<p>\u00c9s un model de recollida dels residus municipals on tothom separa les fraccions dels residus, per\u00f2 enlloc de despositar-ho en els contenedors que permanentment estan a la via p\u00fablica, es recullen directament a la porta de casa o b\u00e9 del comer\u00e7.<\/p>\n<p><strong>Quan es recolleix?<\/strong><\/p>\n<p>Dies i hores convinguts per a cada tipus de deixalla.<\/p>\n<p><a href=\"https:\/\/agora.xtec.cat\/esc-teresabergada\/wp-content\/uploads\/usu1533\/2018\/11\/CCS-Calendari-Setmanal-Llars-1.pdf\" target=\"_blank\" rel=\"noopener\"><img loading=\"lazy\" decoding=\"async\" class=\"alignnone wp-image-3633 size-full\" src=\"https:\/\/agora.xtec.cat\/esc-teresabergada\/wp-content\/uploads\/usu1533\/2018\/11\/pap.png\" alt=\"\" width=\"555\" height=\"376\" srcset=\"https:\/\/agora.xtec.cat\/esc-teresabergada\/wp-content\/uploads\/usu1533\/2018\/11\/pap.png 555w, https:\/\/agora.xtec.cat\/esc-teresabergada\/wp-content\/uploads\/usu1533\/2018\/11\/pap-300x203.png 300w\" sizes=\"auto, (max-width: 555px) 100vw, 555px\" \/><\/a><\/p>\n<p>A continuaci\u00f3 us anotem una p\u00e0gina web que creiem que us pot ajudar, en cas de dubte, per a fer la selecci\u00f3 dels residus:<\/p>\n<p><a href=\"https:\/\/www.residuonvas.cat\/\" target=\"_blank\" rel=\"noopener\">https:\/\/www.residuonvas.cat\/<\/a><\/p>\n<p>&nbsp;<\/p>\n<p>&nbsp;<\/p>\n","protected":false},"excerpt":{"rendered":"<p>Aquesta setmana\u00a0 Alguaire s&#8217;estrena amb la recollida selectiva Porta a Porta (PAP).<br \/>\nEn qu\u00e8 consisteix?<br \/>\n\u00c9s un model de recollida dels residus municipals on tothom separa les fraccions dels residus, per\u00f2 enlloc de despositar-ho en els contenedors que permanentment estan a la via p\u00fablica, es recullen directament&hellip;  <a href=\"https:\/\/agora.xtec.cat\/esc-teresabergada\/general\/toc-toc-comenca-el-porta-a-porta\/\" title=\"Read TOC, TOC&#8230; Comen\u00e7a el &#8220;Porta a Porta&#8221;\">Llegeix m\u00e9s\u00bb<\/a><\/p>\n","protected":false},"author":1,"featured_media":3635,"comment_status":"open","ping_status":"closed","sticky":false,"template":"","format":"standard","meta":{"_bbp_topic_count":0,"_bbp_reply_count":0,"_bbp_total_topic_count":0,"_bbp_total_reply_count":0,"_bbp_voice_count":0,"_bbp_anonymous_reply_count":0,"_bbp_topic_count_hidden":0,"_bbp_reply_count_hidden":0,"_bbp_forum_subforum_count":0,"footnotes":""},"categories":[1,4],"tags":[360,172,75],"class_list":["post-3630","post","type-post","status-publish","format-standard","has-post-thumbnail","hentry","category-general","category-portada","tag-consum-responsable","tag-medi","tag-reciclatge"],"post_mailing_queue_ids":[],"_links":{"self":[{"href":"https:\/\/agora.xtec.cat\/esc-teresabergada\/wp-json\/wp\/v2\/posts\/3630","targetHints":{"allow":["GET"]}}],"collection":[{"href":"https:\/\/agora.xtec.cat\/esc-teresabergada\/wp-json\/wp\/v2\/posts"}],"about":[{"href":"https:\/\/agora.xtec.cat\/esc-teresabergada\/wp-json\/wp\/v2\/types\/post"}],"author":[{"embeddable":true,"href":"https:\/\/agora.xtec.cat\/esc-teresabergada\/wp-json\/wp\/v2\/users\/1"}],"replies":[{"embeddable":true,"href":"https:\/\/agora.xtec.cat\/esc-teresabergada\/wp-json\/wp\/v2\/comments?post=3630"}],"version-history":[{"count":3,"href":"https:\/\/agora.xtec.cat\/esc-teresabergada\/wp-json\/wp\/v2\/posts\/3630\/revisions"}],"predecessor-version":[{"id":3638,"href":"https:\/\/agora.xtec.cat\/esc-teresabergada\/wp-json\/wp\/v2\/posts\/3630\/revisions\/3638"}],"wp:featuredmedia":[{"embeddable":true,"href":"https:\/\/agora.xtec.cat\/esc-teresabergada\/wp-json\/wp\/v2\/media\/3635"}],"wp:attachment":[{"href":"https:\/\/agora.xtec.cat\/esc-teresabergada\/wp-json\/wp\/v2\/media?parent=3630"}],"wp:term":[{"taxonomy":"category","embeddable":true,"href":"https:\/\/agora.xtec.cat\/esc-teresabergada\/wp-json\/wp\/v2\/categories?post=3630"},{"taxonomy":"post_tag","embeddable":true,"href":"https:\/\/agora.xtec.cat\/esc-teresabergada\/wp-json\/wp\/v2\/tags?post=3630"}],"curies":[{"name":"wp","href":"https:\/\/api.w.org\/{rel}","templated":true}]}}