{"id":3584,"date":"2018-11-15T09:33:22","date_gmt":"2018-11-15T08:33:22","guid":{"rendered":"http:\/\/agora.xtec.cat\/esc-teresabergada\/?p=3584"},"modified":"2019-01-09T22:33:17","modified_gmt":"2019-01-09T21:33:17","slug":"material-de-tallers-cientifics","status":"publish","type":"post","link":"https:\/\/agora.xtec.cat\/esc-teresabergada\/portada\/material-de-tallers-cientifics\/","title":{"rendered":"Material dels tallers cient\u00edfics"},"content":{"rendered":"<p style=\"text-align: justify\">Durant el segon trimestre d&#8217;aquest curs escolar a CS farem un taller cient\u00edfic sobre la contaminaci\u00f3 ac\u00fastica i els efectes nocius sobre la salut de les persones.Per tal de poder enregistrar les dades sobre el nivell de sonoritat de diferents espais\u00a0 necessitem un son\u00f2metre. \u00c9s per aquest motiu que la nostra escola ha adquirit un mesurador de so ambiental que pot ser utilitzat tant a l&#8217;exterior com en espais tancats.<\/p>\n<p style=\"text-align: left\"><strong>&#8221; PCE Iberica S.L&#8221; <a href=\"https:\/\/www.pce-instruments.com\/espanol\" target=\"_blank\" rel=\"noopener\">https:\/\/www.pce-instruments.com\/espanol<\/a><\/strong>\/\u00a0 ha col\u00b7laborat amb la nostra escola aportant material t\u00e8cnic per a les nostres mesures.<\/p>\n<p>Aqu\u00ed teniu la imatge del son\u00f2metre.<\/p>\n<h6 class=\"main-title main-heading\"><strong>Decibel\u00edmetro PCE-322A\u00a0 \u00a0\u00a0<\/strong><\/h6>\n<p><a href=\"https:\/\/agora.xtec.cat\/esc-teresabergada\/wp-content\/uploads\/usu1533\/2018\/11\/pce-instruments-decibel_metro-pce-322a-90467_1018336-1.jpg\">\u00a0 <\/a><a href=\"https:\/\/agora.xtec.cat\/esc-teresabergada\/wp-content\/uploads\/usu1533\/2018\/11\/pce-instruments-decibel_metro-pce-322a-90467_1018336-1.jpg\">\u00a0<\/a><a href=\"https:\/\/agora.xtec.cat\/esc-teresabergada\/wp-content\/uploads\/usu1533\/2018\/11\/pce-instruments-decibel_metro-pce-322a-90467_1018336-1.jpg\"><img loading=\"lazy\" decoding=\"async\" class=\"alignnone wp-image-3588\" src=\"https:\/\/agora.xtec.cat\/esc-teresabergada\/wp-content\/uploads\/usu1533\/2018\/11\/pce-instruments-decibel_metro-pce-322a-90467_1018336-1-150x150.jpg\" alt=\"\" width=\"75\" height=\"75\" srcset=\"https:\/\/agora.xtec.cat\/esc-teresabergada\/wp-content\/uploads\/usu1533\/2018\/11\/pce-instruments-decibel_metro-pce-322a-90467_1018336-1-150x150.jpg 150w, https:\/\/agora.xtec.cat\/esc-teresabergada\/wp-content\/uploads\/usu1533\/2018\/11\/pce-instruments-decibel_metro-pce-322a-90467_1018336-1-300x300.jpg 300w, https:\/\/agora.xtec.cat\/esc-teresabergada\/wp-content\/uploads\/usu1533\/2018\/11\/pce-instruments-decibel_metro-pce-322a-90467_1018336-1.jpg 500w\" sizes=\"auto, (max-width: 75px) 100vw, 75px\" \/><\/a><a href=\"https:\/\/agora.xtec.cat\/esc-teresabergada\/wp-content\/uploads\/usu1533\/2018\/11\/capsa.jpg\"><img loading=\"lazy\" decoding=\"async\" class=\"alignnone wp-image-3591\" src=\"https:\/\/agora.xtec.cat\/esc-teresabergada\/wp-content\/uploads\/usu1533\/2018\/11\/capsa-150x150.jpg\" alt=\"\" width=\"75\" height=\"75\" srcset=\"https:\/\/agora.xtec.cat\/esc-teresabergada\/wp-content\/uploads\/usu1533\/2018\/11\/capsa-150x150.jpg 150w, https:\/\/agora.xtec.cat\/esc-teresabergada\/wp-content\/uploads\/usu1533\/2018\/11\/capsa.jpg 250w\" sizes=\"auto, (max-width: 75px) 100vw, 75px\" \/><\/a><a href=\"https:\/\/agora.xtec.cat\/esc-teresabergada\/wp-content\/uploads\/usu1533\/2018\/11\/pce-instruments.jpg\"><img loading=\"lazy\" decoding=\"async\" class=\"alignleft wp-image-3586\" src=\"https:\/\/agora.xtec.cat\/esc-teresabergada\/wp-content\/uploads\/usu1533\/2018\/11\/pce-instruments-300x68.jpg\" alt=\"\" width=\"75\" height=\"17\" srcset=\"https:\/\/agora.xtec.cat\/esc-teresabergada\/wp-content\/uploads\/usu1533\/2018\/11\/pce-instruments-300x68.jpg 300w, https:\/\/agora.xtec.cat\/esc-teresabergada\/wp-content\/uploads\/usu1533\/2018\/11\/pce-instruments-768x174.jpg 768w, https:\/\/agora.xtec.cat\/esc-teresabergada\/wp-content\/uploads\/usu1533\/2018\/11\/pce-instruments-1024x232.jpg 1024w\" sizes=\"auto, (max-width: 75px) 100vw, 75px\" \/><\/a><\/p>\n","protected":false},"excerpt":{"rendered":"<p>Durant el segon trimestre d&#8217;aquest curs escolar a CS farem un taller cient\u00edfic sobre la contaminaci\u00f3 ac\u00fastica i els efectes nocius sobre la salut de les persones.Per tal de poder enregistrar les dades sobre el nivell de sonoritat de diferents espais\u00a0 necessitem un son\u00f2metre. \u00c9s&hellip;  <a href=\"https:\/\/agora.xtec.cat\/esc-teresabergada\/portada\/material-de-tallers-cientifics\/\" title=\"Read Material dels tallers cient\u00edfics\">Llegeix m\u00e9s\u00bb<\/a><\/p>\n","protected":false},"author":32,"featured_media":3588,"comment_status":"open","ping_status":"closed","sticky":false,"template":"","format":"standard","meta":{"_bbp_topic_count":0,"_bbp_reply_count":0,"_bbp_total_topic_count":0,"_bbp_total_reply_count":0,"_bbp_voice_count":0,"_bbp_anonymous_reply_count":0,"_bbp_topic_count_hidden":0,"_bbp_reply_count_hidden":0,"_bbp_forum_subforum_count":0,"footnotes":""},"categories":[4],"tags":[],"class_list":["post-3584","post","type-post","status-publish","format-standard","has-post-thumbnail","hentry","category-portada"],"post_mailing_queue_ids":[],"_links":{"self":[{"href":"https:\/\/agora.xtec.cat\/esc-teresabergada\/wp-json\/wp\/v2\/posts\/3584","targetHints":{"allow":["GET"]}}],"collection":[{"href":"https:\/\/agora.xtec.cat\/esc-teresabergada\/wp-json\/wp\/v2\/posts"}],"about":[{"href":"https:\/\/agora.xtec.cat\/esc-teresabergada\/wp-json\/wp\/v2\/types\/post"}],"author":[{"embeddable":true,"href":"https:\/\/agora.xtec.cat\/esc-teresabergada\/wp-json\/wp\/v2\/users\/32"}],"replies":[{"embeddable":true,"href":"https:\/\/agora.xtec.cat\/esc-teresabergada\/wp-json\/wp\/v2\/comments?post=3584"}],"version-history":[{"count":3,"href":"https:\/\/agora.xtec.cat\/esc-teresabergada\/wp-json\/wp\/v2\/posts\/3584\/revisions"}],"predecessor-version":[{"id":3823,"href":"https:\/\/agora.xtec.cat\/esc-teresabergada\/wp-json\/wp\/v2\/posts\/3584\/revisions\/3823"}],"wp:featuredmedia":[{"embeddable":true,"href":"https:\/\/agora.xtec.cat\/esc-teresabergada\/wp-json\/wp\/v2\/media\/3588"}],"wp:attachment":[{"href":"https:\/\/agora.xtec.cat\/esc-teresabergada\/wp-json\/wp\/v2\/media?parent=3584"}],"wp:term":[{"taxonomy":"category","embeddable":true,"href":"https:\/\/agora.xtec.cat\/esc-teresabergada\/wp-json\/wp\/v2\/categories?post=3584"},{"taxonomy":"post_tag","embeddable":true,"href":"https:\/\/agora.xtec.cat\/esc-teresabergada\/wp-json\/wp\/v2\/tags?post=3584"}],"curies":[{"name":"wp","href":"https:\/\/api.w.org\/{rel}","templated":true}]}}