{"id":3547,"date":"2018-12-12T22:40:13","date_gmt":"2018-12-12T21:40:13","guid":{"rendered":"http:\/\/agora.xtec.cat\/esc-teresabergada\/?p=3547"},"modified":"2019-09-27T13:34:24","modified_gmt":"2019-09-27T11:34:24","slug":"les-descobertes-matematiques-molt-mes-que-numeros","status":"publish","type":"post","link":"https:\/\/agora.xtec.cat\/esc-teresabergada\/general\/les-descobertes-matematiques-molt-mes-que-numeros\/","title":{"rendered":"Les descobertes matem\u00e0tiques&#8230; molt m\u00e9s que n\u00fameros"},"content":{"rendered":"<p style=\"text-align: justify;\">Les <strong>Descobertes Matem\u00e0tiques<\/strong> ens permeten treballar les diferents <strong>dimensions del llenguatge matem\u00e0tic<\/strong> i els seus <strong>continguts<\/strong>\u00a0a partir de la <strong>resoluci\u00f3 de problemes<\/strong> des d&#8217;una vessant\u00a0m\u00e9s manipulativa, vivencial, l\u00fadica i ajustada als diferents nivells d\u2019aprenentatge dels vostres fills\/es.<\/p>\n<p style=\"text-align: justify;\">En aquest primer trimestre hem descobert: la descomposici\u00f3 dels nombres, relacions entre nombres (m\u00e9s petit que, m\u00e9s gran que, igual\/ imparells &#8211; parells) relaci\u00f3 entre figures planes i cossos geom\u00e8trics, el treball de la longitud amb mesures convencionals i no convencionals&#8230;<\/p>\n<p><a href=\"https:\/\/photos.app.goo.gl\/Pzp1Wegmyax75Qy28\" target=\"_blank\" rel=\"noopener noreferrer\">Els reglets num\u00e8rics<\/a><\/p>\n<p><a href=\"https:\/\/photos.app.goo.gl\/VfckKdgY6SHqC5eG7\" target=\"_blank\" rel=\"noopener noreferrer\">La cartellera num\u00e8rica<\/a><\/p>\n<p><a href=\"https:\/\/photos.app.goo.gl\/NaFkYm45sS3ojAmZA\" target=\"_blank\" rel=\"noopener noreferrer\">Fem collarets<\/a><\/p>\n<p><a href=\"https:\/\/photos.app.goo.gl\/9ugwKPB3XyEPRX8e8\" target=\"_blank\" rel=\"noopener noreferrer\">Fem figures amb els cigrons<\/a><\/p>\n<p><a href=\"https:\/\/photos.app.goo.gl\/SowtRTjoEAbnkMtx6\" target=\"_blank\" rel=\"noopener noreferrer\">Busquem la matem\u00e0tica<\/a><\/p>\n<p><a href=\"https:\/\/photos.app.goo.gl\/ruEeLJcpCEJPpMUe6\" target=\"_blank\" rel=\"noopener noreferrer\">Mesurem amb el regle, els bra\u00e7os, el metre&#8230;<\/a><\/p>\n<p><a href=\"https:\/\/photos.app.goo.gl\/X3LY4ASqsxrGspUN8\" target=\"_blank\" rel=\"noopener noreferrer\">Quant pesa?<\/a><\/p>\n<p style=\"text-align: justify;\">\n","protected":false},"excerpt":{"rendered":"<p>Les Descobertes Matem\u00e0tiques ens permeten treballar les diferents dimensions del llenguatge matem\u00e0tic i els seus continguts\u00a0a partir de la resoluci\u00f3 de problemes des d&#8217;una vessant\u00a0m\u00e9s manipulativa, vivencial, l\u00fadica i ajustada als diferents nivells d\u2019aprenentatge dels vostres fills\/es.<br \/>\nEn aquest primer trimestre hem descobert: la descomposici\u00f3 dels&hellip;  <a href=\"https:\/\/agora.xtec.cat\/esc-teresabergada\/general\/les-descobertes-matematiques-molt-mes-que-numeros\/\" title=\"Read Les descobertes matem\u00e0tiques&#8230; molt m\u00e9s que n\u00fameros\">Llegeix m\u00e9s\u00bb<\/a><\/p>\n","protected":false},"author":1,"featured_media":3730,"comment_status":"open","ping_status":"closed","sticky":false,"template":"","format":"standard","meta":{"_bbp_topic_count":0,"_bbp_reply_count":0,"_bbp_total_topic_count":0,"_bbp_total_reply_count":0,"_bbp_voice_count":0,"_bbp_anonymous_reply_count":0,"_bbp_topic_count_hidden":0,"_bbp_reply_count_hidden":0,"_bbp_forum_subforum_count":0,"footnotes":""},"categories":[238,250,1],"tags":[333,135,357,358],"class_list":["post-3547","post","type-post","status-publish","format-standard","has-post-thumbnail","hentry","category-3r","category-4t","category-general","tag-aprenentatge-significatiu","tag-cicle-inicial","tag-descobertes-matematiques","tag-resolucio-de-problemes"],"post_mailing_queue_ids":[],"_links":{"self":[{"href":"https:\/\/agora.xtec.cat\/esc-teresabergada\/wp-json\/wp\/v2\/posts\/3547","targetHints":{"allow":["GET"]}}],"collection":[{"href":"https:\/\/agora.xtec.cat\/esc-teresabergada\/wp-json\/wp\/v2\/posts"}],"about":[{"href":"https:\/\/agora.xtec.cat\/esc-teresabergada\/wp-json\/wp\/v2\/types\/post"}],"author":[{"embeddable":true,"href":"https:\/\/agora.xtec.cat\/esc-teresabergada\/wp-json\/wp\/v2\/users\/1"}],"replies":[{"embeddable":true,"href":"https:\/\/agora.xtec.cat\/esc-teresabergada\/wp-json\/wp\/v2\/comments?post=3547"}],"version-history":[{"count":3,"href":"https:\/\/agora.xtec.cat\/esc-teresabergada\/wp-json\/wp\/v2\/posts\/3547\/revisions"}],"predecessor-version":[{"id":4896,"href":"https:\/\/agora.xtec.cat\/esc-teresabergada\/wp-json\/wp\/v2\/posts\/3547\/revisions\/4896"}],"wp:featuredmedia":[{"embeddable":true,"href":"https:\/\/agora.xtec.cat\/esc-teresabergada\/wp-json\/wp\/v2\/media\/3730"}],"wp:attachment":[{"href":"https:\/\/agora.xtec.cat\/esc-teresabergada\/wp-json\/wp\/v2\/media?parent=3547"}],"wp:term":[{"taxonomy":"category","embeddable":true,"href":"https:\/\/agora.xtec.cat\/esc-teresabergada\/wp-json\/wp\/v2\/categories?post=3547"},{"taxonomy":"post_tag","embeddable":true,"href":"https:\/\/agora.xtec.cat\/esc-teresabergada\/wp-json\/wp\/v2\/tags?post=3547"}],"curies":[{"name":"wp","href":"https:\/\/api.w.org\/{rel}","templated":true}]}}