{"id":3543,"date":"2018-11-09T10:52:16","date_gmt":"2018-11-09T09:52:16","guid":{"rendered":"http:\/\/agora.xtec.cat\/esc-teresabergada\/?p=3543"},"modified":"2019-09-27T13:37:46","modified_gmt":"2019-09-27T11:37:46","slug":"iniciem-els-tallers-cientifics","status":"publish","type":"post","link":"https:\/\/agora.xtec.cat\/esc-teresabergada\/blocs-de-primaria\/3r\/iniciem-els-tallers-cientifics\/","title":{"rendered":"Iniciem els tallers cient\u00edfics!"},"content":{"rendered":"<p style=\"text-align: justify;\">Per tal de poder treballar els continguts i aprenentatges m\u00e9s vinculats a la dimensi\u00f3 de TECNOLOGIA \u00a0I VIDA QUOTIDIANA de coneixement del medi fem agrupaments internivells de l&#8217;alumnat.<\/p>\n<p style=\"text-align: justify;\">L&#8217;objectiu dels tallers cient\u00edfics \u00e9s apropar el m\u00e8tode cient\u00edfic als alumnes i\u00a0<span lang=\"CA\">despertar la seva curiositat per con\u00e8ixer el m\u00f3n que els envolta tot fent-se preguntes i experimentant.<\/span><\/p>\n<p>Els quatre primers tallers d&#8217;aquest curs s\u00f3n els seg\u00fcents. Avui ja podreu fer una ullada als dossiers d&#8217;aprenentatge!<\/p>\n<p><img loading=\"lazy\" decoding=\"async\" class=\"size-full wp-image-3545 aligncenter\" src=\"https:\/\/agora.xtec.cat\/esc-teresabergada\/wp-content\/uploads\/usu1533\/2018\/11\/resum-tallers.jpg\" alt=\"\" width=\"529\" height=\"529\" \/><\/p>\n<p>&nbsp;<\/p>\n","protected":false},"excerpt":{"rendered":"<p>Per tal de poder treballar els continguts i aprenentatges m\u00e9s vinculats a la dimensi\u00f3 de TECNOLOGIA \u00a0I VIDA QUOTIDIANA de coneixement del medi fem agrupaments internivells de l&#8217;alumnat.<br \/>\nL&#8217;objectiu dels tallers cient\u00edfics \u00e9s apropar el m\u00e8tode cient\u00edfic als alumnes i\u00a0despertar la seva curiositat per con\u00e8ixer el&hellip;  <a href=\"https:\/\/agora.xtec.cat\/esc-teresabergada\/blocs-de-primaria\/3r\/iniciem-els-tallers-cientifics\/\" title=\"Read Iniciem els tallers cient\u00edfics!\">Llegeix m\u00e9s\u00bb<\/a><\/p>\n","protected":false},"author":1,"featured_media":0,"comment_status":"open","ping_status":"closed","sticky":false,"template":"","format":"standard","meta":{"_bbp_topic_count":0,"_bbp_reply_count":0,"_bbp_total_topic_count":0,"_bbp_total_reply_count":0,"_bbp_voice_count":0,"_bbp_anonymous_reply_count":0,"_bbp_topic_count_hidden":0,"_bbp_reply_count_hidden":0,"_bbp_forum_subforum_count":0,"footnotes":""},"categories":[238,250],"tags":[135,172,220],"class_list":["post-3543","post","type-post","status-publish","format-standard","hentry","category-3r","category-4t","tag-cicle-inicial","tag-medi","tag-tallers-cientifics"],"post_mailing_queue_ids":[],"_links":{"self":[{"href":"https:\/\/agora.xtec.cat\/esc-teresabergada\/wp-json\/wp\/v2\/posts\/3543","targetHints":{"allow":["GET"]}}],"collection":[{"href":"https:\/\/agora.xtec.cat\/esc-teresabergada\/wp-json\/wp\/v2\/posts"}],"about":[{"href":"https:\/\/agora.xtec.cat\/esc-teresabergada\/wp-json\/wp\/v2\/types\/post"}],"author":[{"embeddable":true,"href":"https:\/\/agora.xtec.cat\/esc-teresabergada\/wp-json\/wp\/v2\/users\/1"}],"replies":[{"embeddable":true,"href":"https:\/\/agora.xtec.cat\/esc-teresabergada\/wp-json\/wp\/v2\/comments?post=3543"}],"version-history":[{"count":3,"href":"https:\/\/agora.xtec.cat\/esc-teresabergada\/wp-json\/wp\/v2\/posts\/3543\/revisions"}],"predecessor-version":[{"id":3568,"href":"https:\/\/agora.xtec.cat\/esc-teresabergada\/wp-json\/wp\/v2\/posts\/3543\/revisions\/3568"}],"wp:attachment":[{"href":"https:\/\/agora.xtec.cat\/esc-teresabergada\/wp-json\/wp\/v2\/media?parent=3543"}],"wp:term":[{"taxonomy":"category","embeddable":true,"href":"https:\/\/agora.xtec.cat\/esc-teresabergada\/wp-json\/wp\/v2\/categories?post=3543"},{"taxonomy":"post_tag","embeddable":true,"href":"https:\/\/agora.xtec.cat\/esc-teresabergada\/wp-json\/wp\/v2\/tags?post=3543"}],"curies":[{"name":"wp","href":"https:\/\/api.w.org\/{rel}","templated":true}]}}