{"id":3443,"date":"2018-10-26T14:05:21","date_gmt":"2018-10-26T12:05:21","guid":{"rendered":"http:\/\/agora.xtec.cat\/esc-teresabergada\/?p=3443"},"modified":"2019-09-27T13:40:00","modified_gmt":"2019-09-27T11:40:00","slug":"carrers-i-llocs-emblematics-del-poble","status":"publish","type":"post","link":"https:\/\/agora.xtec.cat\/esc-teresabergada\/blocs-de-primaria\/4t\/carrers-i-llocs-emblematics-del-poble\/","title":{"rendered":"Carrers i llocs emblem\u00e0tics del poble"},"content":{"rendered":"<p>Avui a les 11h el grup de 2nB hem agafat el mapa i hem sortit a visitar els carrers i els llocs emblem\u00e0tics del nostre poble; com el monument de Josep Lladanosa, fill predilecte d&#8217;Alguaire, i, tamb\u00e9 hem visitat l&#8217;esgl\u00e9sia de sant Sadurn\u00ed.<\/p>\n<p>Els nens i nenes tenien preguntes preparades i la senyoreta Paquita, filla del poble, \u00e9s qui anava contestant les inquietuds dels alumnes.<\/p>\n<p>Han estat molt atents a l&#8217;explicaci\u00f3 de les mestres i els ha agradat molt; ha estat una molt bona experi\u00e8ncia on tots i totes hem apr\u00e8s.<\/p>\n<p><a href=\"https:\/\/photos.app.goo.gl\/kA1J8XUKyBeqrCWLA\"><img loading=\"lazy\" decoding=\"async\" class=\"aligncenter wp-image-3444 size-medium\" src=\"https:\/\/agora.xtec.cat\/esc-teresabergada\/wp-content\/uploads\/usu1533\/2018\/10\/PHOTO-2018-10-26-12-02-27-300x169.jpg\" alt=\"\" width=\"300\" height=\"169\" \/><\/a><\/p>\n<p style=\"text-align: center;\"><em>(feu clic a la imatge per veure el recull fotogr\u00e0fic)<\/em><\/p>\n","protected":false},"excerpt":{"rendered":"<p>Avui a les 11h el grup de 2nB hem agafat el mapa i hem sortit a visitar els carrers i els llocs emblem\u00e0tics del nostre poble; com el monument de Josep Lladanosa, fill predilecte d&#8217;Alguaire, i, tamb\u00e9 hem visitat l&#8217;esgl\u00e9sia de sant Sadurn\u00ed.<br \/>\nEls nens i&hellip;  <a href=\"https:\/\/agora.xtec.cat\/esc-teresabergada\/blocs-de-primaria\/4t\/carrers-i-llocs-emblematics-del-poble\/\" title=\"Read Carrers i llocs emblem\u00e0tics del poble\">Llegeix m\u00e9s\u00bb<\/a><\/p>\n","protected":false},"author":1,"featured_media":0,"comment_status":"open","ping_status":"closed","sticky":false,"template":"","format":"standard","meta":{"_bbp_topic_count":0,"_bbp_reply_count":0,"_bbp_total_topic_count":0,"_bbp_total_reply_count":0,"_bbp_voice_count":0,"_bbp_anonymous_reply_count":0,"_bbp_topic_count_hidden":0,"_bbp_reply_count_hidden":0,"_bbp_forum_subforum_count":0,"footnotes":""},"categories":[250],"tags":[252,135,354,70],"class_list":["post-3443","post","type-post","status-publish","format-standard","hentry","category-4t","tag-2n","tag-cicle-inicial","tag-el-meu-poble","tag-projecte"],"post_mailing_queue_ids":[],"_links":{"self":[{"href":"https:\/\/agora.xtec.cat\/esc-teresabergada\/wp-json\/wp\/v2\/posts\/3443","targetHints":{"allow":["GET"]}}],"collection":[{"href":"https:\/\/agora.xtec.cat\/esc-teresabergada\/wp-json\/wp\/v2\/posts"}],"about":[{"href":"https:\/\/agora.xtec.cat\/esc-teresabergada\/wp-json\/wp\/v2\/types\/post"}],"author":[{"embeddable":true,"href":"https:\/\/agora.xtec.cat\/esc-teresabergada\/wp-json\/wp\/v2\/users\/1"}],"replies":[{"embeddable":true,"href":"https:\/\/agora.xtec.cat\/esc-teresabergada\/wp-json\/wp\/v2\/comments?post=3443"}],"version-history":[{"count":1,"href":"https:\/\/agora.xtec.cat\/esc-teresabergada\/wp-json\/wp\/v2\/posts\/3443\/revisions"}],"predecessor-version":[{"id":3445,"href":"https:\/\/agora.xtec.cat\/esc-teresabergada\/wp-json\/wp\/v2\/posts\/3443\/revisions\/3445"}],"wp:attachment":[{"href":"https:\/\/agora.xtec.cat\/esc-teresabergada\/wp-json\/wp\/v2\/media?parent=3443"}],"wp:term":[{"taxonomy":"category","embeddable":true,"href":"https:\/\/agora.xtec.cat\/esc-teresabergada\/wp-json\/wp\/v2\/categories?post=3443"},{"taxonomy":"post_tag","embeddable":true,"href":"https:\/\/agora.xtec.cat\/esc-teresabergada\/wp-json\/wp\/v2\/tags?post=3443"}],"curies":[{"name":"wp","href":"https:\/\/api.w.org\/{rel}","templated":true}]}}