{"id":3437,"date":"2018-10-25T18:17:56","date_gmt":"2018-10-25T16:17:56","guid":{"rendered":"http:\/\/agora.xtec.cat\/esc-teresabergada\/?p=3437"},"modified":"2019-09-27T13:40:14","modified_gmt":"2019-09-27T11:40:14","slug":"acte-inaugural-apadrinament-lector-1r-amb-5e","status":"publish","type":"post","link":"https:\/\/agora.xtec.cat\/esc-teresabergada\/blocs-de-primaria\/3r\/acte-inaugural-apadrinament-lector-1r-amb-5e\/","title":{"rendered":"ACTE INAUGURAL APADRINAMENT LECTOR 1r amb 5\u00e8"},"content":{"rendered":"<p>Una de moltes de les activitats que fem de lectura \u00e9s l&#8217;apadrinament lector que consisteix en compartir un espai en el qual els nens i les nenes de 5\u00e8 fan lectura als nens i nenes de 1r. S\u2019intenta que tant uns com els altres visquin una experi\u00e8ncia d\u2019aprenentatge lector, en el qual els nens i les nenes de\u00a0cinqu\u00e8 curs fan de \u201cpadrins\u201d lectors i ajuden a aprendre a llegir als infants de\u00a01r que s\u00f3n els fillols. Aquesta activitat\u00a0\u00e9s molt\u00a0engrescadora i\u00a0 motivadora i fa que s&#8217;encomani el plaer de llegir.<\/p>\n<p>A gaudir de la lectura!<\/p>\n<p>&nbsp;<\/p>\n<p><a href=\"https:\/\/photos.app.goo.gl\/7ncp3Vv52yNCJJfUA\"><img loading=\"lazy\" decoding=\"async\" class=\"alignnone wp-image-3440\" src=\"https:\/\/agora.xtec.cat\/esc-teresabergada\/wp-content\/uploads\/usu1533\/2018\/10\/Captura-de-pantalla-2018-10-26-a-les-10.57.50.png\" alt=\"\" width=\"300\" height=\"175\" \/><\/a><\/p>\n","protected":false},"excerpt":{"rendered":"<p>Una de moltes de les activitats que fem de lectura \u00e9s l&#8217;apadrinament lector que consisteix en compartir un espai en el qual els nens i les nenes de 5\u00e8 fan lectura als nens i nenes de 1r. S\u2019intenta que tant uns com els altres visquin&hellip;  <a href=\"https:\/\/agora.xtec.cat\/esc-teresabergada\/blocs-de-primaria\/3r\/acte-inaugural-apadrinament-lector-1r-amb-5e\/\" title=\"Read ACTE INAUGURAL APADRINAMENT LECTOR 1r amb 5\u00e8\">Llegeix m\u00e9s\u00bb<\/a><\/p>\n","protected":false},"author":16,"featured_media":0,"comment_status":"open","ping_status":"closed","sticky":false,"template":"","format":"standard","meta":{"_bbp_topic_count":0,"_bbp_reply_count":0,"_bbp_total_topic_count":0,"_bbp_total_reply_count":0,"_bbp_voice_count":0,"_bbp_anonymous_reply_count":0,"_bbp_topic_count_hidden":0,"_bbp_reply_count_hidden":0,"_bbp_forum_subforum_count":0,"footnotes":""},"categories":[238],"tags":[],"class_list":["post-3437","post","type-post","status-publish","format-standard","hentry","category-3r"],"post_mailing_queue_ids":[],"_links":{"self":[{"href":"https:\/\/agora.xtec.cat\/esc-teresabergada\/wp-json\/wp\/v2\/posts\/3437","targetHints":{"allow":["GET"]}}],"collection":[{"href":"https:\/\/agora.xtec.cat\/esc-teresabergada\/wp-json\/wp\/v2\/posts"}],"about":[{"href":"https:\/\/agora.xtec.cat\/esc-teresabergada\/wp-json\/wp\/v2\/types\/post"}],"author":[{"embeddable":true,"href":"https:\/\/agora.xtec.cat\/esc-teresabergada\/wp-json\/wp\/v2\/users\/16"}],"replies":[{"embeddable":true,"href":"https:\/\/agora.xtec.cat\/esc-teresabergada\/wp-json\/wp\/v2\/comments?post=3437"}],"version-history":[{"count":3,"href":"https:\/\/agora.xtec.cat\/esc-teresabergada\/wp-json\/wp\/v2\/posts\/3437\/revisions"}],"predecessor-version":[{"id":3441,"href":"https:\/\/agora.xtec.cat\/esc-teresabergada\/wp-json\/wp\/v2\/posts\/3437\/revisions\/3441"}],"wp:attachment":[{"href":"https:\/\/agora.xtec.cat\/esc-teresabergada\/wp-json\/wp\/v2\/media?parent=3437"}],"wp:term":[{"taxonomy":"category","embeddable":true,"href":"https:\/\/agora.xtec.cat\/esc-teresabergada\/wp-json\/wp\/v2\/categories?post=3437"},{"taxonomy":"post_tag","embeddable":true,"href":"https:\/\/agora.xtec.cat\/esc-teresabergada\/wp-json\/wp\/v2\/tags?post=3437"}],"curies":[{"name":"wp","href":"https:\/\/api.w.org\/{rel}","templated":true}]}}