{"id":3356,"date":"2018-10-19T07:20:25","date_gmt":"2018-10-19T05:20:25","guid":{"rendered":"http:\/\/agora.xtec.cat\/esc-teresabergada\/?p=3356"},"modified":"2019-09-27T13:46:06","modified_gmt":"2019-09-27T11:46:06","slug":"comencem-amb-un-bon-somriure","status":"publish","type":"post","link":"https:\/\/agora.xtec.cat\/esc-teresabergada\/blocs-de-primaria\/3r\/comencem-amb-un-bon-somriure\/","title":{"rendered":"Comencem amb un bon somriure"},"content":{"rendered":"<p style=\"text-align: justify;\">Les mestres de cicle inicial volem agrair la seva pres\u00e8ncia a totes les fam\u00edlies assistents a la reuni\u00f3 d&#8217;inici de curs que va tenir lloc aquest passat dimecres.<\/p>\n<p style=\"text-align: justify;\">Ens va fer especial il\u00b7lusi\u00f3 poder compartir amb vosaltres aquesta tarda, preparada amb molta estima, per tal que pogu\u00e9ssiu: con\u00e8ixer les activitats i maneres de fer pr\u00f2pies de cicle inicial, viure en primera persona la nova proposta educativa de l&#8217;ensenyament &#8211; aprenentatge de les matem\u00e0tiques a partir de les descobertes i el treball en grup i compartir les vostres estrelles i destijos envers la nostra escola.<\/p>\n<p style=\"text-align: justify;\">Tot seguit us enllacem els v\u00eddeos explicatius que van preparar els alumnes de 2n per explicar algunes de les propostes educatives que s&#8217;implementen al nostre cicle.<\/p>\n<p style=\"text-align: justify;\">\u00b7 <a href=\"https:\/\/drive.google.com\/file\/d\/13hKxoyoZOtA_0zIdJt7db-UMz2shtEid\/view?usp=sharing\" target=\"_blank\" rel=\"noopener noreferrer\">Tallers cient\u00edfics<\/a><\/p>\n<p style=\"text-align: justify;\">\u00b7 <a href=\"https:\/\/drive.google.com\/file\/d\/1zIin2Ia-PWGUVZN6NXv8qEdH2dRWRSPe\/view?usp=sharing\" target=\"_blank\" rel=\"noopener noreferrer\">Racons de llengua<\/a><\/p>\n<p style=\"text-align: justify;\">\u00b7 <a href=\"https:\/\/drive.google.com\/file\/d\/1ZNz4aJI1hHbRjTv1p1_dFw5O_HJJ3EUk\/view?usp=sharing\" target=\"_blank\" rel=\"noopener noreferrer\">30 minuts de lectura<\/a><\/p>\n<p style=\"text-align: justify;\">Per acabar, oferir-vos, especialment a les fam\u00edlies que no vau poder assistir a la reuni\u00f3,\u00a0les presentacions projectades que contenen les informacions que es van explicar.<\/p>\n<p>&nbsp;<\/p>\n<p><a href=\"https:\/\/drive.google.com\/file\/d\/1gzKZqAT_a5kVbz0FjLTkY8-eSdxpQOV_\/view?usp=sharing\" target=\"_blank\" rel=\"noopener noreferrer\"><img loading=\"lazy\" decoding=\"async\" class=\"wp-image-3358 size-thumbnail alignleft\" src=\"https:\/\/agora.xtec.cat\/esc-teresabergada\/wp-content\/uploads\/usu1533\/2018\/10\/1r_1819-150x150.jpg\" alt=\"\" width=\"150\" height=\"150\" \/><\/a><a href=\"https:\/\/drive.google.com\/file\/d\/1gl1h_Xwv773eL_vvkZTYrRHU2gX16IFf\/view?usp=sharing\" target=\"_blank\" rel=\"noopener noreferrer\"><img loading=\"lazy\" decoding=\"async\" class=\"alignleft wp-image-3357 size-thumbnail\" src=\"https:\/\/agora.xtec.cat\/esc-teresabergada\/wp-content\/uploads\/usu1533\/2018\/10\/1-150x150.jpg\" alt=\"\" width=\"150\" height=\"150\" \/><\/a><\/p>\n<p>&nbsp;<\/p>\n<p>&nbsp;<\/p>\n<p>&nbsp;<\/p>\n<p>&nbsp;<\/p>\n<p>&nbsp;<\/p>\n<p>&nbsp;<\/p>\n<p>&nbsp;<\/p>\n<p>&nbsp;<\/p>\n","protected":false},"excerpt":{"rendered":"<p>Les mestres de cicle inicial volem agrair la seva pres\u00e8ncia a totes les fam\u00edlies assistents a la reuni\u00f3 d&#8217;inici de curs que va tenir lloc aquest passat dimecres.<br \/>\nEns va fer especial il\u00b7lusi\u00f3 poder compartir amb vosaltres aquesta tarda, preparada amb molta estima, per tal que&hellip;  <a href=\"https:\/\/agora.xtec.cat\/esc-teresabergada\/blocs-de-primaria\/3r\/comencem-amb-un-bon-somriure\/\" title=\"Read Comencem amb un bon somriure\">Llegeix m\u00e9s\u00bb<\/a><\/p>\n","protected":false},"author":1,"featured_media":0,"comment_status":"open","ping_status":"closed","sticky":false,"template":"","format":"standard","meta":{"_bbp_topic_count":0,"_bbp_reply_count":0,"_bbp_total_topic_count":0,"_bbp_total_reply_count":0,"_bbp_voice_count":0,"_bbp_anonymous_reply_count":0,"_bbp_topic_count_hidden":0,"_bbp_reply_count_hidden":0,"_bbp_forum_subforum_count":0,"footnotes":""},"categories":[238,250],"tags":[135,351],"class_list":["post-3356","post","type-post","status-publish","format-standard","hentry","category-3r","category-4t","tag-cicle-inicial","tag-reunio-inici-de-curs"],"post_mailing_queue_ids":[],"_links":{"self":[{"href":"https:\/\/agora.xtec.cat\/esc-teresabergada\/wp-json\/wp\/v2\/posts\/3356","targetHints":{"allow":["GET"]}}],"collection":[{"href":"https:\/\/agora.xtec.cat\/esc-teresabergada\/wp-json\/wp\/v2\/posts"}],"about":[{"href":"https:\/\/agora.xtec.cat\/esc-teresabergada\/wp-json\/wp\/v2\/types\/post"}],"author":[{"embeddable":true,"href":"https:\/\/agora.xtec.cat\/esc-teresabergada\/wp-json\/wp\/v2\/users\/1"}],"replies":[{"embeddable":true,"href":"https:\/\/agora.xtec.cat\/esc-teresabergada\/wp-json\/wp\/v2\/comments?post=3356"}],"version-history":[{"count":3,"href":"https:\/\/agora.xtec.cat\/esc-teresabergada\/wp-json\/wp\/v2\/posts\/3356\/revisions"}],"predecessor-version":[{"id":4904,"href":"https:\/\/agora.xtec.cat\/esc-teresabergada\/wp-json\/wp\/v2\/posts\/3356\/revisions\/4904"}],"wp:attachment":[{"href":"https:\/\/agora.xtec.cat\/esc-teresabergada\/wp-json\/wp\/v2\/media?parent=3356"}],"wp:term":[{"taxonomy":"category","embeddable":true,"href":"https:\/\/agora.xtec.cat\/esc-teresabergada\/wp-json\/wp\/v2\/categories?post=3356"},{"taxonomy":"post_tag","embeddable":true,"href":"https:\/\/agora.xtec.cat\/esc-teresabergada\/wp-json\/wp\/v2\/tags?post=3356"}],"curies":[{"name":"wp","href":"https:\/\/api.w.org\/{rel}","templated":true}]}}