{"id":3347,"date":"2018-10-18T13:52:25","date_gmt":"2018-10-18T11:52:25","guid":{"rendered":"http:\/\/agora.xtec.cat\/esc-teresabergada\/?p=3347"},"modified":"2019-09-27T18:13:47","modified_gmt":"2019-09-27T16:13:47","slug":"sortida-de-cicle-mitja-a-catalunya-en-miniatura","status":"publish","type":"post","link":"https:\/\/agora.xtec.cat\/esc-teresabergada\/general\/sortida-de-cicle-mitja-a-catalunya-en-miniatura\/","title":{"rendered":"Sortida de Cicle Mitj\u00e0 a Catalunya en Miniatura"},"content":{"rendered":"<p>El passat 5 d&#8217;octubre les i els alumnes de tercer i quart van visitar a Torrelles de Llobregat l&#8217;exposici\u00f3 de maquetes de Catalunya en Miniatura per tal de poder iniciar el nostre projecte sobre Catalunya. Aquesta sortida ens va ajudar a con\u00e8ixer els monuments i edificis m\u00e9s significatius del nostre territori. Per altra banda, v\u00e0rem realitzar activitats en un entorn privilegiat a trav\u00e9s d&#8217;activitats d&#8217;aventura, concretament un circuit de tirolina.<\/p>\n<p>Tots i totes vam gaudir d&#8217;un dia intens d&#8217;aprenentatge, aventura i adrenalina. Us deixem algunes de les fotos!<\/p>\n<p><a href=\"https:\/\/agora.xtec.cat\/esc-teresabergada\/wp-content\/uploads\/usu1533\/2018\/10\/6e97cb2c-48da-40f3-89cd-cd851f80643c.jpg\"><img loading=\"lazy\" decoding=\"async\" class=\"alignnone size-large wp-image-3348\" src=\"https:\/\/agora.xtec.cat\/esc-teresabergada\/wp-content\/uploads\/usu1533\/2018\/10\/6e97cb2c-48da-40f3-89cd-cd851f80643c-1024x768.jpg\" alt=\"\" width=\"1024\" height=\"768\" \/><\/a> <a href=\"https:\/\/agora.xtec.cat\/esc-teresabergada\/wp-content\/uploads\/usu1533\/2018\/10\/6edb391e-8fe0-4173-81bb-44f84ddad85f.jpg\"><img loading=\"lazy\" decoding=\"async\" class=\"alignnone size-large wp-image-3349\" src=\"https:\/\/agora.xtec.cat\/esc-teresabergada\/wp-content\/uploads\/usu1533\/2018\/10\/6edb391e-8fe0-4173-81bb-44f84ddad85f-1024x769.jpg\" alt=\"\" width=\"1024\" height=\"769\" \/><\/a> <a href=\"https:\/\/agora.xtec.cat\/esc-teresabergada\/wp-content\/uploads\/usu1533\/2018\/10\/IMG_3180.jpg\"><img loading=\"lazy\" decoding=\"async\" class=\"alignnone size-large wp-image-3350\" src=\"https:\/\/agora.xtec.cat\/esc-teresabergada\/wp-content\/uploads\/usu1533\/2018\/10\/IMG_3180-1024x768.jpg\" alt=\"\" width=\"1024\" height=\"768\" \/><\/a> <a href=\"https:\/\/agora.xtec.cat\/esc-teresabergada\/wp-content\/uploads\/usu1533\/2018\/10\/IMG_3190.jpg\"><img loading=\"lazy\" decoding=\"async\" class=\"alignnone size-large wp-image-3351\" src=\"https:\/\/agora.xtec.cat\/esc-teresabergada\/wp-content\/uploads\/usu1533\/2018\/10\/IMG_3190-1024x768.jpg\" alt=\"\" width=\"1024\" height=\"768\" \/><\/a><\/p>\n","protected":false},"excerpt":{"rendered":"<p>El passat 5 d&#8217;octubre les i els alumnes de tercer i quart van visitar a Torrelles de Llobregat l&#8217;exposici\u00f3 de maquetes de Catalunya en Miniatura per tal de poder iniciar el nostre projecte sobre Catalunya. Aquesta sortida ens va ajudar a con\u00e8ixer els monuments i&hellip;  <a href=\"https:\/\/agora.xtec.cat\/esc-teresabergada\/general\/sortida-de-cicle-mitja-a-catalunya-en-miniatura\/\" title=\"Read Sortida de Cicle Mitj\u00e0 a Catalunya en Miniatura\">Llegeix m\u00e9s\u00bb<\/a><\/p>\n","protected":false},"author":28,"featured_media":0,"comment_status":"open","ping_status":"closed","sticky":false,"template":"","format":"standard","meta":{"_bbp_topic_count":0,"_bbp_reply_count":0,"_bbp_total_topic_count":0,"_bbp_total_reply_count":0,"_bbp_voice_count":0,"_bbp_anonymous_reply_count":0,"_bbp_topic_count_hidden":0,"_bbp_reply_count_hidden":0,"_bbp_forum_subforum_count":0,"footnotes":""},"categories":[349,240,392,1],"tags":[],"class_list":["post-3347","post","type-post","status-publish","format-standard","hentry","category-5e","category-6e","category-catalunya","category-general"],"post_mailing_queue_ids":[],"_links":{"self":[{"href":"https:\/\/agora.xtec.cat\/esc-teresabergada\/wp-json\/wp\/v2\/posts\/3347","targetHints":{"allow":["GET"]}}],"collection":[{"href":"https:\/\/agora.xtec.cat\/esc-teresabergada\/wp-json\/wp\/v2\/posts"}],"about":[{"href":"https:\/\/agora.xtec.cat\/esc-teresabergada\/wp-json\/wp\/v2\/types\/post"}],"author":[{"embeddable":true,"href":"https:\/\/agora.xtec.cat\/esc-teresabergada\/wp-json\/wp\/v2\/users\/28"}],"replies":[{"embeddable":true,"href":"https:\/\/agora.xtec.cat\/esc-teresabergada\/wp-json\/wp\/v2\/comments?post=3347"}],"version-history":[{"count":1,"href":"https:\/\/agora.xtec.cat\/esc-teresabergada\/wp-json\/wp\/v2\/posts\/3347\/revisions"}],"predecessor-version":[{"id":3352,"href":"https:\/\/agora.xtec.cat\/esc-teresabergada\/wp-json\/wp\/v2\/posts\/3347\/revisions\/3352"}],"wp:attachment":[{"href":"https:\/\/agora.xtec.cat\/esc-teresabergada\/wp-json\/wp\/v2\/media?parent=3347"}],"wp:term":[{"taxonomy":"category","embeddable":true,"href":"https:\/\/agora.xtec.cat\/esc-teresabergada\/wp-json\/wp\/v2\/categories?post=3347"},{"taxonomy":"post_tag","embeddable":true,"href":"https:\/\/agora.xtec.cat\/esc-teresabergada\/wp-json\/wp\/v2\/tags?post=3347"}],"curies":[{"name":"wp","href":"https:\/\/api.w.org\/{rel}","templated":true}]}}