{"id":3339,"date":"2018-10-16T20:47:34","date_gmt":"2018-10-16T18:47:34","guid":{"rendered":"http:\/\/agora.xtec.cat\/esc-teresabergada\/?p=3339"},"modified":"2020-09-07T18:09:08","modified_gmt":"2020-09-07T16:09:08","slug":"taller-art-en-accio","status":"publish","type":"post","link":"https:\/\/agora.xtec.cat\/esc-teresabergada\/blocs-de-primaria\/2n\/taller-art-en-accio\/","title":{"rendered":"TALLER: ART EN ACCI\u00d3"},"content":{"rendered":"<p>Un any m\u00e9s iniciem els tallers a Educaci\u00f3 Infantil, i avui l&#8217;equip dels Elefants han sigut els primers en experimentar aquest nou taller anomenat &#8220;Art en acci\u00f3&#8221;.<\/p>\n<p>A l&#8217;entrar a l&#8217;aula s&#8217;han trobat amb una instal\u00b7laci\u00f3 a l&#8217;estil d&#8217;en Javier Abad, on es convida a l&#8217;infant mitjan\u00e7ant aquesta provocaci\u00f3 a que experimentin, toquin, manipulin, construeixin, canvi\u00efn l&#8217;ordre dels elements i facin la seva creaci\u00f3, i nom\u00e9s amb una \u00fanica norma, que respectin als dem\u00e9s.<\/p>\n<p>Una experi\u00e8ncia gratificant, on l&#8217;infant \u00e9s l&#8217;\u00fanic protagonista.<\/p>\n<p>(Clicant a la imatge trobareu un petit resum fotogr\u00e0fic de la sessi\u00f3).<\/p>\n<p><a href=\"http:\/\/www.kizoa.es\/Editar-V\u00eddeos-Movie-Maker\/d224621773k5329589o1l1\/sessi-1-art-en-acci\"><img loading=\"lazy\" decoding=\"async\" class=\"wp-image-3340 alignnone\" src=\"https:\/\/agora.xtec.cat\/esc-teresabergada\/wp-content\/uploads\/usu1533\/2018\/10\/instal\u00b7laci\u00f3.jpg\" alt=\"\" width=\"335\" height=\"251\" srcset=\"https:\/\/agora.xtec.cat\/esc-teresabergada\/wp-content\/uploads\/usu1533\/2018\/10\/instal\u00b7laci\u00f3.jpg 577w, https:\/\/agora.xtec.cat\/esc-teresabergada\/wp-content\/uploads\/usu1533\/2018\/10\/instal\u00b7laci\u00f3-300x225.jpg 300w, https:\/\/agora.xtec.cat\/esc-teresabergada\/wp-content\/uploads\/usu1533\/2018\/10\/instal\u00b7laci\u00f3-200x150.jpg 200w\" sizes=\"auto, (max-width: 335px) 100vw, 335px\" \/><\/a><\/p>\n","protected":false},"excerpt":{"rendered":"<p>Un any m\u00e9s iniciem els tallers a Educaci\u00f3 Infantil, i avui l&#8217;equip dels Elefants han sigut els primers en experimentar aquest nou taller anomenat &#8220;Art en acci\u00f3&#8221;.<br \/>\nA l&#8217;entrar a l&#8217;aula s&#8217;han trobat amb una instal\u00b7laci\u00f3 a l&#8217;estil d&#8217;en Javier Abad, on es convida a l&#8217;infant&hellip;  <a href=\"https:\/\/agora.xtec.cat\/esc-teresabergada\/blocs-de-primaria\/2n\/taller-art-en-accio\/\" title=\"Read TALLER: ART EN ACCI\u00d3\">Llegeix m\u00e9s\u00bb<\/a><\/p>\n","protected":false},"author":7,"featured_media":3340,"comment_status":"open","ping_status":"closed","sticky":false,"template":"","format":"standard","meta":{"_bbp_topic_count":0,"_bbp_reply_count":0,"_bbp_total_topic_count":0,"_bbp_total_reply_count":0,"_bbp_voice_count":0,"_bbp_anonymous_reply_count":0,"_bbp_topic_count_hidden":0,"_bbp_reply_count_hidden":0,"_bbp_forum_subforum_count":0,"footnotes":""},"categories":[348,153,251],"tags":[244,121,264],"class_list":["post-3339","post","type-post","status-publish","format-standard","has-post-thumbnail","hentry","category-1r","category-2n","category-i5","tag-art","tag-educacio-infantil","tag-tallers"],"post_mailing_queue_ids":[],"_links":{"self":[{"href":"https:\/\/agora.xtec.cat\/esc-teresabergada\/wp-json\/wp\/v2\/posts\/3339","targetHints":{"allow":["GET"]}}],"collection":[{"href":"https:\/\/agora.xtec.cat\/esc-teresabergada\/wp-json\/wp\/v2\/posts"}],"about":[{"href":"https:\/\/agora.xtec.cat\/esc-teresabergada\/wp-json\/wp\/v2\/types\/post"}],"author":[{"embeddable":true,"href":"https:\/\/agora.xtec.cat\/esc-teresabergada\/wp-json\/wp\/v2\/users\/7"}],"replies":[{"embeddable":true,"href":"https:\/\/agora.xtec.cat\/esc-teresabergada\/wp-json\/wp\/v2\/comments?post=3339"}],"version-history":[{"count":3,"href":"https:\/\/agora.xtec.cat\/esc-teresabergada\/wp-json\/wp\/v2\/posts\/3339\/revisions"}],"predecessor-version":[{"id":3344,"href":"https:\/\/agora.xtec.cat\/esc-teresabergada\/wp-json\/wp\/v2\/posts\/3339\/revisions\/3344"}],"wp:featuredmedia":[{"embeddable":true,"href":"https:\/\/agora.xtec.cat\/esc-teresabergada\/wp-json\/wp\/v2\/media\/3340"}],"wp:attachment":[{"href":"https:\/\/agora.xtec.cat\/esc-teresabergada\/wp-json\/wp\/v2\/media?parent=3339"}],"wp:term":[{"taxonomy":"category","embeddable":true,"href":"https:\/\/agora.xtec.cat\/esc-teresabergada\/wp-json\/wp\/v2\/categories?post=3339"},{"taxonomy":"post_tag","embeddable":true,"href":"https:\/\/agora.xtec.cat\/esc-teresabergada\/wp-json\/wp\/v2\/tags?post=3339"}],"curies":[{"name":"wp","href":"https:\/\/api.w.org\/{rel}","templated":true}]}}