{"id":3334,"date":"2018-10-16T13:55:27","date_gmt":"2018-10-16T11:55:27","guid":{"rendered":"http:\/\/agora.xtec.cat\/esc-teresabergada\/?p=3334"},"modified":"2020-09-08T06:45:40","modified_gmt":"2020-09-08T04:45:40","slug":"cursa-aeroport-2018","status":"publish","type":"post","link":"https:\/\/agora.xtec.cat\/esc-teresabergada\/portada\/cursa-aeroport-2018\/","title":{"rendered":"Cursa Aeroport 2018"},"content":{"rendered":"<p style=\"text-align: justify;\">Un any m\u00e9s, els i les alumnes de la nostra escola han tingut la possibilitat de participar a la cursa que es realitza a l&#8217;aeroport del nostre poble.<\/p>\n<p style=\"text-align: justify;\">El mat\u00ed va comen\u00e7ar amb una breu sessi\u00f3 d&#8217;estiraments, com a bons professionals de l&#8217;atletisme, per donar pas posteriorment a les curses.<\/p>\n<p>Felicitem als guanyadors i guanyadores i, en general, a tots i totes els que hi vau participar!!! Doncs l&#8217;\u00e8xit comen\u00e7a amb el fet d&#8217;intentar-ho. ENHORABONA!!<a href=\"https:\/\/photos.app.goo.gl\/XSTTy2o4S4r8avVm7\"><br \/>\n<\/a><a href=\"https:\/\/agora.xtec.cat\/esc-teresabergada\/wp-content\/uploads\/usu1533\/2018\/10\/aeroport.jpg\"><img loading=\"lazy\" decoding=\"async\" class=\"aligncenter wp-image-3335 size-full\" src=\"https:\/\/agora.xtec.cat\/esc-teresabergada\/wp-content\/uploads\/usu1533\/2018\/10\/aeroport.jpg\" alt=\"\" width=\"343\" height=\"147\" srcset=\"https:\/\/agora.xtec.cat\/esc-teresabergada\/wp-content\/uploads\/usu1533\/2018\/10\/aeroport.jpg 343w, https:\/\/agora.xtec.cat\/esc-teresabergada\/wp-content\/uploads\/usu1533\/2018\/10\/aeroport-300x129.jpg 300w\" sizes=\"auto, (max-width: 343px) 100vw, 343px\" \/><\/a><\/p>\n<p style=\"text-align: center;\">\n","protected":false},"excerpt":{"rendered":"<p>Un any m\u00e9s, els i les alumnes de la nostra escola han tingut la possibilitat de participar a la cursa que es realitza a l&#8217;aeroport del nostre poble.<br \/>\nEl mat\u00ed va comen\u00e7ar amb una breu sessi\u00f3 d&#8217;estiraments, com a bons professionals de l&#8217;atletisme, per donar pas&hellip;  <a href=\"https:\/\/agora.xtec.cat\/esc-teresabergada\/portada\/cursa-aeroport-2018\/\" title=\"Read Cursa Aeroport 2018\">Llegeix m\u00e9s\u00bb<\/a><\/p>\n","protected":false},"author":1,"featured_media":3335,"comment_status":"closed","ping_status":"closed","sticky":false,"template":"","format":"standard","meta":{"_bbp_topic_count":0,"_bbp_reply_count":0,"_bbp_total_topic_count":0,"_bbp_total_reply_count":0,"_bbp_voice_count":0,"_bbp_anonymous_reply_count":0,"_bbp_topic_count_hidden":0,"_bbp_reply_count_hidden":0,"_bbp_forum_subforum_count":0,"footnotes":""},"categories":[109,4],"tags":[350,260,194,59],"class_list":["post-3334","post","type-post","status-publish","format-standard","has-post-thumbnail","hentry","category-ed-fisica","category-portada","tag-infonodes","tag-aeroport-dalguaire","tag-educacio-fisica","tag-salut"],"post_mailing_queue_ids":[],"_links":{"self":[{"href":"https:\/\/agora.xtec.cat\/esc-teresabergada\/wp-json\/wp\/v2\/posts\/3334","targetHints":{"allow":["GET"]}}],"collection":[{"href":"https:\/\/agora.xtec.cat\/esc-teresabergada\/wp-json\/wp\/v2\/posts"}],"about":[{"href":"https:\/\/agora.xtec.cat\/esc-teresabergada\/wp-json\/wp\/v2\/types\/post"}],"author":[{"embeddable":true,"href":"https:\/\/agora.xtec.cat\/esc-teresabergada\/wp-json\/wp\/v2\/users\/1"}],"replies":[{"embeddable":true,"href":"https:\/\/agora.xtec.cat\/esc-teresabergada\/wp-json\/wp\/v2\/comments?post=3334"}],"version-history":[{"count":4,"href":"https:\/\/agora.xtec.cat\/esc-teresabergada\/wp-json\/wp\/v2\/posts\/3334\/revisions"}],"predecessor-version":[{"id":7539,"href":"https:\/\/agora.xtec.cat\/esc-teresabergada\/wp-json\/wp\/v2\/posts\/3334\/revisions\/7539"}],"wp:featuredmedia":[{"embeddable":true,"href":"https:\/\/agora.xtec.cat\/esc-teresabergada\/wp-json\/wp\/v2\/media\/3335"}],"wp:attachment":[{"href":"https:\/\/agora.xtec.cat\/esc-teresabergada\/wp-json\/wp\/v2\/media?parent=3334"}],"wp:term":[{"taxonomy":"category","embeddable":true,"href":"https:\/\/agora.xtec.cat\/esc-teresabergada\/wp-json\/wp\/v2\/categories?post=3334"},{"taxonomy":"post_tag","embeddable":true,"href":"https:\/\/agora.xtec.cat\/esc-teresabergada\/wp-json\/wp\/v2\/tags?post=3334"}],"curies":[{"name":"wp","href":"https:\/\/api.w.org\/{rel}","templated":true}]}}