{"id":3287,"date":"2018-09-24T21:15:33","date_gmt":"2018-09-24T19:15:33","guid":{"rendered":"http:\/\/agora.xtec.cat\/esc-teresabergada\/?p=3287"},"modified":"2018-09-24T21:15:33","modified_gmt":"2018-09-24T19:15:33","slug":"1r-consell-dinfants-del-curs","status":"publish","type":"post","link":"https:\/\/agora.xtec.cat\/esc-teresabergada\/portada\/1r-consell-dinfants-del-curs\/","title":{"rendered":"1r Consell d&#8217;Infants del Curs"},"content":{"rendered":"<p style=\"text-align: justify;\"><span style=\"font-family: inherit; font-size: 1em;\">Passats 10 dies des del primer dia d\u2019escola i una vegada que cada grup \u2013 classe ha tingut temps d\u2019establir els primers contactes entre companys i companyes, avui ha tingut lloc el primer Consell d\u2019Infants del curs.<\/span><\/p>\n<p style=\"text-align: justify;\">Recordem que el Consell d\u2019Infants \u00e9s un espai on assisteixen els membres de l\u2019equip directiu, els coordinadors de cada cicle i un alumne \u2013 representant de cada aula. \u00c9s un espai creat per tal de fer sentir la veu de tots i totes, on totes les propostes de millora s\u00f3n benvingudes i els pensaments dels alumnes esdevenen elements essencials per fer cr\u00e9ixer la nostra escola.<\/p>\n<p style=\"text-align: justify;\">Felicitem als consellers i conselleres d\u2019aquest primer trimestre i us animem a ser responsables amb el vostre nou c\u00e0rrec.<\/p>\n<p style=\"text-align: justify;\"><a href=\"http:\/\/agora.xtec.cat\/esc-teresabergada\/wp-content\/uploads\/usu1533\/2018\/09\/PHOTO-2018-09-24-17-47-54.jpg\" target=\"_blank\" rel=\"noopener\"><img loading=\"lazy\" decoding=\"async\" class=\"aligncenter wp-image-3288 size-medium\" src=\"http:\/\/agora.xtec.cat\/esc-teresabergada\/wp-content\/uploads\/usu1533\/2018\/09\/PHOTO-2018-09-24-17-47-54-300x169.jpg\" alt=\"\" width=\"300\" height=\"169\" \/><\/a><\/p>\n","protected":false},"excerpt":{"rendered":"<p>Passats 10 dies des del primer dia d\u2019escola i una vegada que cada grup \u2013 classe ha tingut temps d\u2019establir els primers contactes entre companys i companyes, avui ha tingut lloc el primer Consell d\u2019Infants del curs.<br \/>\nRecordem que el Consell d\u2019Infants \u00e9s un espai on&hellip;  <a href=\"https:\/\/agora.xtec.cat\/esc-teresabergada\/portada\/1r-consell-dinfants-del-curs\/\" title=\"Read 1r Consell d&#8217;Infants del Curs\">Llegeix m\u00e9s\u00bb<\/a><\/p>\n","protected":false},"author":1,"featured_media":0,"comment_status":"open","ping_status":"closed","sticky":false,"template":"","format":"standard","meta":{"_bbp_topic_count":0,"_bbp_reply_count":0,"_bbp_total_topic_count":0,"_bbp_total_reply_count":0,"_bbp_voice_count":0,"_bbp_anonymous_reply_count":0,"_bbp_topic_count_hidden":0,"_bbp_reply_count_hidden":0,"_bbp_forum_subforum_count":0,"footnotes":""},"categories":[4],"tags":[],"class_list":["post-3287","post","type-post","status-publish","format-standard","hentry","category-portada"],"post_mailing_queue_ids":[],"_links":{"self":[{"href":"https:\/\/agora.xtec.cat\/esc-teresabergada\/wp-json\/wp\/v2\/posts\/3287","targetHints":{"allow":["GET"]}}],"collection":[{"href":"https:\/\/agora.xtec.cat\/esc-teresabergada\/wp-json\/wp\/v2\/posts"}],"about":[{"href":"https:\/\/agora.xtec.cat\/esc-teresabergada\/wp-json\/wp\/v2\/types\/post"}],"author":[{"embeddable":true,"href":"https:\/\/agora.xtec.cat\/esc-teresabergada\/wp-json\/wp\/v2\/users\/1"}],"replies":[{"embeddable":true,"href":"https:\/\/agora.xtec.cat\/esc-teresabergada\/wp-json\/wp\/v2\/comments?post=3287"}],"version-history":[{"count":1,"href":"https:\/\/agora.xtec.cat\/esc-teresabergada\/wp-json\/wp\/v2\/posts\/3287\/revisions"}],"predecessor-version":[{"id":3289,"href":"https:\/\/agora.xtec.cat\/esc-teresabergada\/wp-json\/wp\/v2\/posts\/3287\/revisions\/3289"}],"wp:attachment":[{"href":"https:\/\/agora.xtec.cat\/esc-teresabergada\/wp-json\/wp\/v2\/media?parent=3287"}],"wp:term":[{"taxonomy":"category","embeddable":true,"href":"https:\/\/agora.xtec.cat\/esc-teresabergada\/wp-json\/wp\/v2\/categories?post=3287"},{"taxonomy":"post_tag","embeddable":true,"href":"https:\/\/agora.xtec.cat\/esc-teresabergada\/wp-json\/wp\/v2\/tags?post=3287"}],"curies":[{"name":"wp","href":"https:\/\/api.w.org\/{rel}","templated":true}]}}